{"id":1071,"__str__":"Parecer - Parecer n\u00b0 02/2019 de 27/02/2019 por Vereador F\u00e1bio Valadares","link_detail_backend":"/materia/documentoacessorio/1071","metadata":{},"nome":"Parecer n\u00b0 02/2019","data":"2019-02-27","autor":"Vereador F\u00e1bio Valadares","ementa":"Pela aprova\u00e7\u00e3o do Projeto de Lei n\u00ba 01, de 2019.","indexacao":"","arquivo":"http://sapl.arinos.mg.leg.br/media/sapl/public/documentoacessorio/2019/1071/parecer_02.pdf","data_ultima_atualizacao":"2019-02-27T11:37:21.106141-03:00","materia":348,"tipo":1}