{"id":1075,"__str__":"Parecer - Parecer n\u00b008/2019 Reda\u00e7\u00e3o Final de 19/03/2019 por Vereador Donizete Caldeira","link_detail_backend":"/materia/documentoacessorio/1075","metadata":{},"nome":"Parecer n\u00b008/2019 Reda\u00e7\u00e3o Final","data":"2019-03-19","autor":"Vereador Donizete Caldeira","ementa":"PELA APROVA\u00c7\u00c3O DA REDA\u00c7\u00c3O FINAL.","indexacao":"","arquivo":"http://sapl.arinos.mg.leg.br/media/sapl/public/documentoacessorio/2019/1075/parecer_08.pdf","data_ultima_atualizacao":"2019-04-10T09:40:31.139974-03:00","materia":348,"tipo":1}