{"id":1077,"__str__":"Parecer - Parecer n\u00b0 12/2019 Reda\u00e7\u00e3o Final de 09/04/2019 por Vereador Donizete Caldeira","link_detail_backend":"/materia/documentoacessorio/1077","metadata":{},"nome":"Parecer n\u00b0 12/2019 Reda\u00e7\u00e3o Final","data":"2019-04-09","autor":"Vereador Donizete Caldeira","ementa":"PELA APROVA\u00c7\u00c3O DA REDA\u00c7\u00c3O FINAL.","indexacao":"","arquivo":"http://sapl.arinos.mg.leg.br/media/sapl/public/documentoacessorio/2019/1077/parecer_12.pdf","data_ultima_atualizacao":"2019-04-10T11:16:43.407997-03:00","materia":351,"tipo":1}