{"id":110,"__str__":"Parecer - 73 de 25/11/2013 por F\u00e1bio Valadares","link_detail_backend":"/materia/documentoacessorio/110","metadata":{},"nome":"73","data":"2013-11-25","autor":"F\u00e1bio Valadares","ementa":"Pela aprova\u00e7\u00e3o da Reda\u00e7\u00e3o Final.","indexacao":"","arquivo":null,"data_ultima_atualizacao":"2018-10-15T12:49:44.720651-03:00","materia":135,"tipo":1}