{"id":1111,"__str__":"Parecer - Parecer n\u00b032/2019 Reda\u00e7\u00e3o Final de 24/05/2019 por Vereador Edmilson do Crispim Santana","link_detail_backend":"/materia/documentoacessorio/1111","metadata":{},"nome":"Parecer n\u00b032/2019 Reda\u00e7\u00e3o Final","data":"2019-05-24","autor":"Vereador Edmilson do Crispim Santana","ementa":"PELA APROVA\u00c7\u00c3O DA REDA\u00c7\u00c3O FINAL.","indexacao":"","arquivo":"http://sapl.arinos.mg.leg.br/media/sapl/public/documentoacessorio/2019/1111/parecer_32.pdf","data_ultima_atualizacao":"2019-08-05T10:01:55.438363-03:00","materia":353,"tipo":1}