{"id":1127,"__str__":"Parecer - Parecer n\u00b062/2019 Reda\u00e7\u00e3o Final de 02/07/2019 por Vereador Edmilson do Crispim Santana","link_detail_backend":"/materia/documentoacessorio/1127","metadata":{},"nome":"Parecer n\u00b062/2019 Reda\u00e7\u00e3o Final","data":"2019-07-02","autor":"Vereador Edmilson do Crispim Santana","ementa":"PELA APROVA\u00c7\u00c3O DA REDA\u00c7\u00c3O FINAL.","indexacao":"","arquivo":"http://sapl.arinos.mg.leg.br/media/sapl/public/documentoacessorio/2019/1127/parecer_62.pdf","data_ultima_atualizacao":"2019-08-07T09:32:44.423052-03:00","materia":369,"tipo":1}