{"id":1162,"__str__":"Anexo - Anexo III Projeto de 08/10/2019 por Prefeito Municipal Carlos Alberto Recch Filho","link_detail_backend":"/materia/documentoacessorio/1162","metadata":{},"nome":"Anexo III Projeto","data":"2019-10-08","autor":"Prefeito Municipal Carlos Alberto Recch Filho","ementa":"Despesa Segundo as Categorias Econ\u00f4micas por \u00d3rg\u00e3o","indexacao":"","arquivo":"http://sapl.arinos.mg.leg.br/media/sapl/public/documentoacessorio/2019/1162/03_anexo_02_-_despesa_por_orguo.pdf","data_ultima_atualizacao":"2019-10-11T09:39:07.270930-03:00","materia":385,"tipo":12}