{"id":1275,"__str__":"Parecer - Parecer n\u00b039/2020 de 08/09/2020 por Vereador Edmilson do Crispim Santana","link_detail_backend":"/materia/documentoacessorio/1275","metadata":{},"nome":"Parecer n\u00b039/2020","data":"2020-09-08","autor":"Vereador Edmilson do Crispim Santana","ementa":"Pela constitucionalidade, legalidade, juridicidade e adequa\u00e7\u00e3o regimental do Projeto de Lei n\u00ba 23/2020, e, quanto ao m\u00e9rito, voto pela sua aprova\u00e7\u00e3o.","indexacao":"","arquivo":"http://sapl.arinos.mg.leg.br/media/sapl/public/documentoacessorio/2020/1275/parecer_39.pdf","data_ultima_atualizacao":"2020-10-13T10:21:16.679001-03:00","materia":412,"tipo":1}