{"id":1280,"__str__":"Parecer - Parecer n\u00b038/2020 de 31/08/2020 por Vereador Edmilson do Crispim Santana","link_detail_backend":"/materia/documentoacessorio/1280","metadata":{},"nome":"Parecer n\u00b038/2020","data":"2020-08-31","autor":"Vereador Edmilson do Crispim Santana","ementa":"Pela aprova\u00e7\u00e3o da Reda\u00e7\u00e3o Final.","indexacao":"","arquivo":"http://sapl.arinos.mg.leg.br/media/sapl/public/documentoacessorio/2020/1280/parecer_38.pdf","data_ultima_atualizacao":"2020-10-13T11:22:09.653497-03:00","materia":407,"tipo":1}