{"id":1776,"__str__":"Parecer - Parecer n\u00b0 18/2025 de 17/03/2025 por Vereador Fesson","link_detail_backend":"/materia/documentoacessorio/1776","metadata":{},"nome":"Parecer n\u00b0 18/2025","data":"2025-03-17","autor":"Vereador Fesson","ementa":"Pela aprova\u00e7\u00e3o do Projeto de Lei n\u00ba 02/2025, com a Emenda Supressiva n\u00ba 01, proposta pela Comiss\u00e3o de Legisla\u00e7\u00e3o, Justi\u00e7a e de Reda\u00e7\u00e3o","indexacao":"","arquivo":"http://sapl.arinos.mg.leg.br/media/sapl/public/documentoacessorio/2025/1776/parecer_18.pdf","data_ultima_atualizacao":"2025-04-29T09:54:58.932809-03:00","materia":649,"tipo":1}