{"id":468,"__str__":"Of\u00edcio - Of.Com.17/2015 de 15/09/2015 por Vereador F\u00e1bio Valadares","link_detail_backend":"/materia/documentoacessorio/468","metadata":{},"nome":"Of.Com.17/2015","data":"2015-09-15","autor":"Vereador F\u00e1bio Valadares","ementa":"SOLICITA QUE SEJA OFICIADO O PREFEITO MUNICIPAL, EM VIRTUDE DA NECESSIDADE DE NOVAS INFORMA\u00c7\u00d5ES. ","indexacao":"","arquivo":"http://sapl.arinos.mg.leg.br/media/sapl/public/documentoacessorio/2015/468/468.pdf","data_ultima_atualizacao":"2018-10-15T12:50:00.704851-03:00","materia":240,"tipo":7}