{"id":643,"__str__":"Parecer - Parecer n\u00ba16/2016 de 13/09/2016 por Vereador Edmilson do Crispim Santana","link_detail_backend":"/materia/documentoacessorio/643","metadata":{},"nome":"Parecer n\u00ba16/2016","data":"2016-09-13","autor":"Vereador Edmilson do Crispim Santana","ementa":"PELA APROVA\u00c7\u00c3O DA REDA\u00c7\u00c3O FINAL. ","indexacao":"","arquivo":"http://sapl.arinos.mg.leg.br/media/sapl/public/documentoacessorio/2016/643/643.pdf","data_ultima_atualizacao":"2018-10-15T12:50:00.621348-03:00","materia":262,"tipo":1}