{"id":690,"__str__":"Parecer - Parecer n\u00b024/2016 de 29/11/2016 por Vereador F\u00e1bio Valadares","link_detail_backend":"/materia/documentoacessorio/690","metadata":{},"nome":"Parecer n\u00b024/2016","data":"2016-11-29","autor":"Vereador F\u00e1bio Valadares","ementa":"PELA APROVA\u00c7\u00c3O DAS CONTAS DO PREFEITO MUNICIPAL DE ARINOS, REFERENTES AO EXERC\u00cdCIO DE 2014.","indexacao":"","arquivo":"http://sapl.arinos.mg.leg.br/media/sapl/public/documentoacessorio/2016/690/690.pdf","data_ultima_atualizacao":"2018-10-15T12:50:01.506871-03:00","materia":269,"tipo":1}