{"id":713,"__str__":"Requerimento - Requerimento Prorroga prazo de 13/12/2016 por Vereador F\u00e1bio Valadares","link_detail_backend":"/materia/documentoacessorio/713","metadata":{},"nome":"Requerimento Prorroga prazo","data":"2016-12-13","autor":"Vereador F\u00e1bio Valadares","ementa":"PRORROGA POR 3 (TR\u00caS) DIAS O PRAZO PARA EMISS\u00c3O DO PARECER.","indexacao":"","arquivo":"http://sapl.arinos.mg.leg.br/media/sapl/public/documentoacessorio/2016/713/713.pdf","data_ultima_atualizacao":"2018-10-15T12:50:01.097754-03:00","materia":273,"tipo":11}