{"id":76,"__str__":"Despacho - despacho de abertura de prazo de 03/09/2013 por Ver. Matos Al\u00e9m","link_detail_backend":"/materia/documentoacessorio/76","metadata":{},"nome":"despacho de abertura de prazo","data":"2013-09-03","autor":"Ver. Matos Al\u00e9m","ementa":"Abre prazo para apresenta\u00e7\u00e3o de emendas ao projeto de lei 21/2013, que cont\u00e9m o plano plurianual 2014 a 2017","indexacao":"","arquivo":null,"data_ultima_atualizacao":"2018-10-15T12:49:44.718310-03:00","materia":119,"tipo":10}