{"id":828,"__str__":"Parecer - Parecer 37 Reda\u00e7\u00e3o Final de 12/09/2017 por Vereador Saint-Clair Valadares","link_detail_backend":"/materia/documentoacessorio/828","metadata":{},"nome":"Parecer 37 Reda\u00e7\u00e3o Final","data":"2017-09-12","autor":"Vereador Saint-Clair Valadares","ementa":"PELA APROVA\u00c7\u00c3O DA REDA\u00c7\u00c3O FINAL.","indexacao":"","arquivo":"http://sapl.arinos.mg.leg.br/media/sapl/public/documentoacessorio/2017/828/828.pdf","data_ultima_atualizacao":"2018-10-15T12:50:01.244292-03:00","materia":300,"tipo":1}