{"id":207,"__str__":"Projeto de Lei Ordin\u00e1ria n\u00ba 3 de 2015","link_detail_backend":"/materia/207","metadata":{},"numero":3,"ano":2015,"numero_protocolo":null,"data_apresentacao":"2015-02-19","tipo_apresentacao":"","data_publicacao":null,"numero_origem_externa":"","ano_origem_externa":null,"data_origem_externa":null,"apelido":"","dias_prazo":null,"data_fim_prazo":null,"em_tramitacao":false,"polemica":null,"objeto":"","complementar":null,"ementa":"DISP\u00d5E SOBRE A POL\u00cdTICA MUNICIPAL DE PROMO\u00c7\u00c3O DA IGUALDADE RACIAL DO MUNIC\u00cdPIO DE ARINOS, CRIA COORDENADORIA E O CONSELHO MUNICIPAL DE ARINOS &#8211; MINAS GERAIS E D\u00c1 OUTRAS PROVIDENCIAS.","indexacao":"DISP\u00d5E, POL\u00cdTICA, MUNICIPAL, PROMO\u00c7\u00c3O, IGUALDADE, RACIAL, MUNIC\u00cdPIO, ARINOS, CRIA, COORDENADORIA, CONSELHO","observacao":"","resultado":"","texto_original":"http://sapl.arinos.mg.leg.br/media/sapl/public/materialegislativa/2015/207/207_texto_integral.pdf","data_ultima_atualizacao":"2018-10-15T12:49:59.028537-03:00","ip":"","ultima_edicao":null,"tipo":1,"regime_tramitacao":1,"tipo_origem_externa":null,"local_origem_externa":null,"user":null,"anexadas":[],"autores":[117]}