{"id":258,"__str__":"Projeto de Lei Ordin\u00e1ria n\u00ba 4 de 2016","link_detail_backend":"/materia/258","metadata":{},"numero":4,"ano":2016,"numero_protocolo":null,"data_apresentacao":"2016-06-06","tipo_apresentacao":"","data_publicacao":null,"numero_origem_externa":"","ano_origem_externa":null,"data_origem_externa":null,"apelido":"","dias_prazo":null,"data_fim_prazo":null,"em_tramitacao":false,"polemica":null,"objeto":"","complementar":null,"ementa":"INSTITUI NO MUNIC\u00cdPIO A TEM\u00c1TICA DO EMPREENDEDORISMO NA REDE MUNICIPAL DE ENSINO, COM FOCO NA PROMO\u00c7\u00c3O DA CULTURA EMPREENDEDORA E D\u00c1 OUTRAS PROVID\u00caNCIAS.","indexacao":"INSTITUI, MUNIC\u00cdPIO, TEM\u00c1TICA, EMPREENDEDORISMO, REDE, MUNICIPAL, ENSINO, FOCO, PROMO\u00c7\u00c3O, CULTURA, EMPREENDEDORA","observacao":"","resultado":"","texto_original":"http://sapl.arinos.mg.leg.br/media/sapl/public/materialegislativa/2016/258/258_texto_integral.pdf","data_ultima_atualizacao":"2018-10-15T12:49:59.132755-03:00","ip":"","ultima_edicao":null,"tipo":1,"regime_tramitacao":2,"tipo_origem_externa":null,"local_origem_externa":null,"user":null,"anexadas":[],"autores":[117]}