{"id":263,"__str__":"Projeto de Lei Ordin\u00e1ria n\u00ba 8 de 2016","link_detail_backend":"/materia/263","metadata":{},"numero":8,"ano":2016,"numero_protocolo":null,"data_apresentacao":"2016-06-29","tipo_apresentacao":"","data_publicacao":null,"numero_origem_externa":"","ano_origem_externa":null,"data_origem_externa":null,"apelido":"","dias_prazo":null,"data_fim_prazo":null,"em_tramitacao":false,"polemica":null,"objeto":"","complementar":null,"ementa":"FIXA O SUBS\u00cdDIO DOS VEREADORES DA C\u00c2MARA MUNICIPAL DE ARINOS PARA A 14\u00aa LEGISLATURA E D\u00c1 OUTRAS PROVID\u00caNCIAS.","indexacao":"FIXA, SUBS\u00cdDIO, VEREADORES, C\u00c2MARA, MUNICIPAL, ARINOS, LEGISLATURA","observacao":"","resultado":"","texto_original":"http://sapl.arinos.mg.leg.br/media/sapl/public/materialegislativa/2016/263/263_texto_integral.pdf","data_ultima_atualizacao":"2018-10-15T12:49:59.139054-03:00","ip":"","ultima_edicao":null,"tipo":1,"regime_tramitacao":1,"tipo_origem_externa":null,"local_origem_externa":null,"user":null,"anexadas":[],"autores":[107,73,123,8]}