{"id":264,"__str__":"Projeto de Lei Ordin\u00e1ria n\u00ba 9 de 2016","link_detail_backend":"/materia/264","metadata":{},"numero":9,"ano":2016,"numero_protocolo":null,"data_apresentacao":"2016-06-29","tipo_apresentacao":"","data_publicacao":null,"numero_origem_externa":"","ano_origem_externa":null,"data_origem_externa":null,"apelido":"","dias_prazo":null,"data_fim_prazo":null,"em_tramitacao":false,"polemica":null,"objeto":"","complementar":null,"ementa":"FIXA O SUBS\u00cdDIO DO PREFEITO, DO VICE-PREFEITO E DOS SECRET\u00c1RIOS MUNICIPAIS DE ARINOS PARA O PER\u00cdODO DE 2017 A 2020 E D\u00c1 OUTRAS PROVID\u00caNCIAS.","indexacao":"FIXA, SUBS\u00cdDIO, PREFEITO, VICE-PREFEITO, SECRET\u00c1RIOS, 2017, 2020","observacao":"","resultado":"","texto_original":"http://sapl.arinos.mg.leg.br/media/sapl/public/materialegislativa/2016/264/264_texto_integral.pdf","data_ultima_atualizacao":"2018-10-15T12:49:59.195322-03:00","ip":"","ultima_edicao":null,"tipo":1,"regime_tramitacao":1,"tipo_origem_externa":null,"local_origem_externa":null,"user":null,"anexadas":[],"autores":[107,73,123,8]}