{"id":325,"__str__":"Projeto de Lei Ordin\u00e1ria n\u00ba 9 de 2018","link_detail_backend":"/materia/325","metadata":{},"numero":9,"ano":2018,"numero_protocolo":103395,"data_apresentacao":"2018-04-03","tipo_apresentacao":"E","data_publicacao":null,"numero_origem_externa":"","ano_origem_externa":null,"data_origem_externa":null,"apelido":"","dias_prazo":null,"data_fim_prazo":null,"em_tramitacao":false,"polemica":null,"objeto":"","complementar":null,"ementa":"ASSEGURA AOS DEFICIENTES F\u00cdSICOS E AOS MAIORES DE 60 (SESSENTA) ANOS DE IDADE O DIREITO DE ACESSO GRATUITO A EVENTOS SOCIOCULTURAIS REALIZADOS EM LOCAIS P\u00daBLICOS OU PRIVADOS.","indexacao":"ASSEGURA, DEFICIENTES, F\u00cdSICOS, MAIORES, 60, IDADE, DIREITO, ACESSO, GRATUITO, EVENTOS, SOCIOCULTURAIS, LOCAIS, P\u00daBLICOS, PRIVADOS","observacao":"","resultado":"","texto_original":"http://sapl.arinos.mg.leg.br/media/sapl/public/materialegislativa/2018/325/325_texto_integral.pdf","data_ultima_atualizacao":"2018-10-15T12:49:59.085704-03:00","ip":"","ultima_edicao":null,"tipo":1,"regime_tramitacao":1,"tipo_origem_externa":null,"local_origem_externa":null,"user":null,"anexadas":[],"autores":[123]}