{"id":464,"__str__":"Projeto de Lei Ordin\u00e1ria n\u00ba 31 de 2021","link_detail_backend":"/materia/464","metadata":{},"numero":31,"ano":2021,"numero_protocolo":null,"data_apresentacao":"2021-10-26","tipo_apresentacao":"","data_publicacao":null,"numero_origem_externa":"","ano_origem_externa":null,"data_origem_externa":null,"apelido":"","dias_prazo":null,"data_fim_prazo":null,"em_tramitacao":false,"polemica":false,"objeto":"","complementar":false,"ementa":"DISP\u00d5E SOBRE A CRIA\u00c7\u00c3O E O FUNCIONAMENTO DO CENTRO DE ATEN\u00c7\u00c3O PSICOSSOCIAL - CAPS I NO MUNIC\u00cdPIO DE ARINOS-MG E D\u00c1 OUTRAS PROVID\u00caNCIAS.","indexacao":"CRIA\u00c7\u00c3O, FUNCIONAMENTO, CENTRO, ATEN\u00c7\u00c3O, PSICOSSOCIAL, CAPS","observacao":"","resultado":"","texto_original":"http://sapl.arinos.mg.leg.br/media/sapl/public/materialegislativa/2021/464/plo_31.pdf","data_ultima_atualizacao":"2021-12-15T10:43:23.997959-03:00","ip":"143.208.218.18","ultima_edicao":"2021-12-15T09:32:15.216031-03:00","tipo":1,"regime_tramitacao":1,"tipo_origem_externa":null,"local_origem_externa":null,"user":27,"anexadas":[],"autores":[153]}