{"id":473,"__str__":"Projeto de Lei Ordin\u00e1ria n\u00ba 1 de 2022","link_detail_backend":"/materia/473","metadata":{},"numero":1,"ano":2022,"numero_protocolo":null,"data_apresentacao":"2022-01-21","tipo_apresentacao":"","data_publicacao":null,"numero_origem_externa":"","ano_origem_externa":null,"data_origem_externa":null,"apelido":"","dias_prazo":null,"data_fim_prazo":null,"em_tramitacao":false,"polemica":false,"objeto":"","complementar":false,"ementa":"Disp\u00f5e sobre a cria\u00e7\u00e3o de cargos emergenciais para integrarem equipes de enfrentamento ao Coronav\u00edrus COVID-19, surtos respirat\u00f3rios e eventuais crises emergenciais na \u00e1rea da sa\u00fade e d\u00e1 outras provid\u00eancias.","indexacao":"CRIA\u00c7\u00c3O, CARGOS, EMERGENCIAIS, EQUIPES, ENFRENTAMENTO, COVID, CORONAV\u00cdRUS, SURTOS,","observacao":"","resultado":"","texto_original":"http://sapl.arinos.mg.leg.br/media/sapl/public/materialegislativa/2022/473/projeto_de_lei_01.pdf","data_ultima_atualizacao":"2022-08-08T10:15:24.224746-03:00","ip":"143.208.217.254","ultima_edicao":"2022-04-11T08:53:11.256625-03:00","tipo":1,"regime_tramitacao":1,"tipo_origem_externa":null,"local_origem_externa":null,"user":27,"anexadas":[],"autores":[153]}