{"id":501,"__str__":"Projeto de Lei Ordin\u00e1ria n\u00ba 27 de 2022","link_detail_backend":"/materia/501","metadata":{},"numero":27,"ano":2022,"numero_protocolo":null,"data_apresentacao":"2022-10-03","tipo_apresentacao":"","data_publicacao":null,"numero_origem_externa":"","ano_origem_externa":null,"data_origem_externa":null,"apelido":"","dias_prazo":null,"data_fim_prazo":null,"em_tramitacao":false,"polemica":false,"objeto":"","complementar":false,"ementa":"DISP\u00d5E SOBRE A CRIA\u00c7\u00c3O DE CARGOS DE ENFERMEIROS OBSTETRAS PARA A FUNDA\u00c7\u00c3O MUNICIPAL DE SA\u00daDE MUNICIPAL, EM CAR\u00c1TER TEMPOR\u00c1RIO, POR MEIO DE RECURSOS DO PROGRAMA VALORA MINAS E D\u00c1 OUTRAS PROVID\u00caNCIAS.","indexacao":"CRIA\u00c7\u00c3O, CARGOS, ENFERMEIROS, OBSTETRAS, SA\u00daDE, TEMPOR\u00c1RIO, RECURSOS, PROGRAMA, VALORA, MINAS","observacao":"","resultado":"","texto_original":"http://sapl.arinos.mg.leg.br/media/sapl/public/materialegislativa/2022/501/plo_27002.pdf","data_ultima_atualizacao":"2023-03-03T11:34:56.507033-03:00","ip":"143.208.217.254","ultima_edicao":"2022-10-05T10:28:51.997228-03:00","tipo":1,"regime_tramitacao":1,"tipo_origem_externa":null,"local_origem_externa":null,"user":27,"anexadas":[],"autores":[153]}