{"id":514,"__str__":"Projeto de Lei Ordin\u00e1ria n\u00ba 2 de 2023","link_detail_backend":"/materia/514","metadata":{},"numero":2,"ano":2023,"numero_protocolo":null,"data_apresentacao":"2023-01-31","tipo_apresentacao":"","data_publicacao":null,"numero_origem_externa":"","ano_origem_externa":null,"data_origem_externa":null,"apelido":"","dias_prazo":null,"data_fim_prazo":null,"em_tramitacao":false,"polemica":false,"objeto":"","complementar":false,"ementa":"Disp\u00f5e sobre a implanta\u00e7\u00e3o do piso salarial dos Agentes Comunit\u00e1rios de Sa\u00fade e dos Agentes de Combate \u00e0s Endemias, conforme Emenda Constitucional n\u00ba 120/2022, e d\u00e1 outras provid\u00eancias.","indexacao":"implanta\u00e7\u00e3o, piso, salarial, agentes, comunit\u00e1rios, sa\u00fade, endemias","observacao":"","resultado":"","texto_original":"http://sapl.arinos.mg.leg.br/media/sapl/public/materialegislativa/2023/514/projeto_de_lei_02.pdf","data_ultima_atualizacao":"2023-04-17T08:20:42.769536-03:00","ip":"143.208.218.18","ultima_edicao":"2023-02-10T10:18:18.786198-03:00","tipo":1,"regime_tramitacao":1,"tipo_origem_externa":null,"local_origem_externa":null,"user":27,"anexadas":[],"autores":[153]}