{"id":519,"__str__":"Projeto de Lei Ordin\u00e1ria n\u00ba 7 de 2023","link_detail_backend":"/materia/519","metadata":{},"numero":7,"ano":2023,"numero_protocolo":null,"data_apresentacao":"2023-02-08","tipo_apresentacao":"","data_publicacao":null,"numero_origem_externa":"","ano_origem_externa":null,"data_origem_externa":null,"apelido":"","dias_prazo":null,"data_fim_prazo":null,"em_tramitacao":false,"polemica":false,"objeto":"","complementar":false,"ementa":"REVISA O SUBS\u00cdDIO DOS VEREADORES DA C\u00c2MARA MUNICIPAL DE ARINOS","indexacao":"REVISA, SUBS\u00cdDIO, VEREADORES, C\u00c2MARA","observacao":"","resultado":"","texto_original":"http://sapl.arinos.mg.leg.br/media/sapl/public/materialegislativa/2023/519/plo_7_2023.pdf","data_ultima_atualizacao":"2023-05-16T11:30:31.637610-03:00","ip":"143.208.218.18","ultima_edicao":"2023-02-10T11:01:18.521711-03:00","tipo":1,"regime_tramitacao":5,"tipo_origem_externa":null,"local_origem_externa":null,"user":27,"anexadas":[],"autores":[133]}