{"id":533,"__str__":"Projeto de Lei Ordin\u00e1ria n\u00ba 26 de 2023","link_detail_backend":"/materia/533","metadata":{},"numero":26,"ano":2023,"numero_protocolo":null,"data_apresentacao":"2023-05-22","tipo_apresentacao":"","data_publicacao":null,"numero_origem_externa":"","ano_origem_externa":null,"data_origem_externa":null,"apelido":"","dias_prazo":null,"data_fim_prazo":null,"em_tramitacao":false,"polemica":false,"objeto":"","complementar":false,"ementa":"INSTITUI, NO \u00c2MBITO DO MUNIC\u00cdPIO DE ARINOS, A SEMANA MUNICIPAL DE CONSCIENTIZA\u00c7\u00c3O DO AUTISMO, A SER COMEMORADA, ANUALMENTE, NA PRIMEIRA SEMANA DO M\u00caS DE ABRIL.","indexacao":"SEMANA, MUNICIPAL, CONSCIENTIZA\u00c7\u00c3O, AUTISMO, ABRIL","observacao":"","resultado":"","texto_original":"http://sapl.arinos.mg.leg.br/media/sapl/public/materialegislativa/2023/533/plo_26_2023.pdf","data_ultima_atualizacao":"2023-08-14T09:15:09.532776-03:00","ip":"143.208.218.18","ultima_edicao":"2023-06-06T08:32:46.148608-03:00","tipo":1,"regime_tramitacao":1,"tipo_origem_externa":null,"local_origem_externa":null,"user":27,"anexadas":[],"autores":[121]}