{"id":535,"__str__":"Projeto de Lei Ordin\u00e1ria n\u00ba 32 de 2023","link_detail_backend":"/materia/535","metadata":{},"numero":32,"ano":2023,"numero_protocolo":null,"data_apresentacao":"2023-06-05","tipo_apresentacao":"","data_publicacao":null,"numero_origem_externa":"","ano_origem_externa":null,"data_origem_externa":null,"apelido":"","dias_prazo":null,"data_fim_prazo":null,"em_tramitacao":false,"polemica":false,"objeto":"","complementar":false,"ementa":"RECONHECE DE UTILIDADE P\u00daBLICA A ASSOCIA\u00c7\u00c3O SERT\u00c3O VEREDAS DOS PRODUTORES RURAIS DA FAZENDA MENINO.","indexacao":"UTILIDADE, P\u00daBLICA, UTILIDADE P\u00daBLICA, ASSOCIA\u00c7\u00c3O, SERT\u00c3O, VEREDAS, MENINO, FAZENDA","observacao":"","resultado":"","texto_original":"http://sapl.arinos.mg.leg.br/media/sapl/public/materialegislativa/2023/535/plo_32_.pdf","data_ultima_atualizacao":"2023-08-09T10:22:47.802520-03:00","ip":"143.208.218.18","ultima_edicao":"2023-06-06T08:31:38.770292-03:00","tipo":1,"regime_tramitacao":1,"tipo_origem_externa":null,"local_origem_externa":null,"user":27,"anexadas":[],"autores":[121]}