{"id":646,"__str__":"Projeto de Lei Ordin\u00e1ria n\u00ba 15 de 2025","link_detail_backend":"/materia/646","metadata":{},"numero":15,"ano":2025,"numero_protocolo":null,"data_apresentacao":"2025-03-19","tipo_apresentacao":"","data_publicacao":null,"numero_origem_externa":"","ano_origem_externa":null,"data_origem_externa":null,"apelido":"","dias_prazo":null,"data_fim_prazo":null,"em_tramitacao":false,"polemica":false,"objeto":"","complementar":false,"ementa":"INSTITUI O DIA MUNICIPAL DO AGENTE COMUNIT\u00c1RIO DE SA\u00daDE E DO AGENTE DE COMBATE \u00c0S ENDEMIAS.","indexacao":"AGENTE, COMUNIT\u00c1RIO, SA\u00daDE, COMBATE, ENDEMIAS, ENDEMIA","observacao":"","resultado":"","texto_original":"http://sapl.arinos.mg.leg.br/media/sapl/public/materialegislativa/2025/646/plo_15000.pdf","data_ultima_atualizacao":"2025-05-27T10:41:26.456100-03:00","ip":"143.208.218.18","ultima_edicao":"2025-04-09T10:58:43.828799-03:00","tipo":1,"regime_tramitacao":1,"tipo_origem_externa":null,"local_origem_externa":null,"user":27,"anexadas":[],"autores":[146]}