{"id":671,"__str__":"Projeto de Resolu\u00e7\u00e3o n\u00ba 3 de 2025","link_detail_backend":"/materia/671","metadata":{},"numero":3,"ano":2025,"numero_protocolo":null,"data_apresentacao":"2025-04-29","tipo_apresentacao":"","data_publicacao":null,"numero_origem_externa":"","ano_origem_externa":null,"data_origem_externa":null,"apelido":"","dias_prazo":null,"data_fim_prazo":null,"em_tramitacao":false,"polemica":false,"objeto":"","complementar":false,"ementa":"Cria um cargo de assessor de Comunica\u00e7\u00e3o  da C\u00e2mara Municipal de Arinos","indexacao":"","observacao":"","resultado":"","texto_original":"http://sapl.arinos.mg.leg.br/media/sapl/public/materialegislativa/2025/671/projeto_resolucso_03.pdf","data_ultima_atualizacao":"2025-08-06T10:28:55.258488-03:00","ip":"143.208.218.18","ultima_edicao":"2025-08-06T10:20:43.568492-03:00","tipo":2,"regime_tramitacao":1,"tipo_origem_externa":null,"local_origem_externa":null,"user":34,"anexadas":[],"autores":[]}