{"id":692,"__str__":"Projeto de Lei Ordin\u00e1ria n\u00ba 45 de 2025","link_detail_backend":"/materia/692","metadata":{},"numero":45,"ano":2025,"numero_protocolo":null,"data_apresentacao":"2025-07-14","tipo_apresentacao":"E","data_publicacao":null,"numero_origem_externa":"","ano_origem_externa":null,"data_origem_externa":null,"apelido":"","dias_prazo":null,"data_fim_prazo":null,"em_tramitacao":false,"polemica":false,"objeto":"","complementar":false,"ementa":"Disp\u00f5e sobre a cria\u00e7\u00e3o do CASE -Centro de A\u00e7\u00e3o Social e Empreendedorismo do Munic\u00edpio de Arinos/MG e d\u00e1 outras provid\u00eancias.","indexacao":"centro; a\u00e7\u00e3o; social; empreendedorismo; CASE.","observacao":"","resultado":"","texto_original":"http://sapl.arinos.mg.leg.br/media/sapl/public/materialegislativa/2025/692/projeto_45.pdf","data_ultima_atualizacao":"2025-11-14T12:09:00.973592-03:00","ip":"143.208.218.18","ultima_edicao":"2025-11-11T12:39:41.382096-03:00","tipo":1,"regime_tramitacao":1,"tipo_origem_externa":null,"local_origem_externa":null,"user":34,"anexadas":[],"autores":[153]}