{"id":715,"__str__":"Projeto de Lei Ordin\u00e1ria n\u00ba 3 de 2026","link_detail_backend":"/materia/715","metadata":{},"numero":3,"ano":2026,"numero_protocolo":null,"data_apresentacao":"2026-03-23","tipo_apresentacao":"E","data_publicacao":null,"numero_origem_externa":"","ano_origem_externa":null,"data_origem_externa":null,"apelido":"","dias_prazo":null,"data_fim_prazo":null,"em_tramitacao":false,"polemica":false,"objeto":"","complementar":false,"ementa":"Revisa o subs\u00eddio do Prefeito, do Vice-Prefeito e dos Secret\u00e1rios Municipais de Arinos.","indexacao":"revisa; subs\u00eddio; prefeito; vice-prefeito; secret\u00e1rios; Arinos","observacao":"","resultado":"","texto_original":"http://sapl.arinos.mg.leg.br/media/sapl/public/materialegislativa/2026/715/projeto_3.pdf","data_ultima_atualizacao":"2026-03-27T11:47:02.424707-03:00","ip":"143.208.219.165","ultima_edicao":"2026-03-27T11:14:49.979834-03:00","tipo":1,"regime_tramitacao":1,"tipo_origem_externa":null,"local_origem_externa":null,"user":34,"anexadas":[],"autores":[]}