{"id":93,"__str__":"Requerimento n\u00ba 6 de 2013","link_detail_backend":"/materia/93","metadata":{},"numero":6,"ano":2013,"numero_protocolo":null,"data_apresentacao":"2013-04-18","tipo_apresentacao":"","data_publicacao":null,"numero_origem_externa":"","ano_origem_externa":null,"data_origem_externa":null,"apelido":"","dias_prazo":null,"data_fim_prazo":null,"em_tramitacao":false,"polemica":false,"objeto":"","complementar":false,"ementa":"REQUER RELA\u00c7\u00c3O DOS SERVIDORES EFETIVOS E CONTRATADOS DA FUNDA\u00c7\u00c3O MUNICIPAL DE SA\u00daDE DE ARINOS COM SUAS RESPECTIVAS LOTA\u00c7\u00d5ES AT\u00c9 A PRESENTE DATA.\r\n","indexacao":"RELA\u00c7\u00c3O; SERVIDORES; EFETIVOS; CONTRATADOS; SA\u00daDE.","observacao":"","resultado":"","texto_original":null,"data_ultima_atualizacao":"2018-10-15T12:49:44.403045-03:00","ip":"","ultima_edicao":null,"tipo":3,"regime_tramitacao":1,"tipo_origem_externa":null,"local_origem_externa":null,"user":null,"anexadas":[],"autores":[104]}