{"headers": {"id": "ID", "ano": "Ano", "numero": "N\u00famero", "tipo__sigla": "Tipo de Mat\u00e9ria Legislativa/Sigla", "tipo__descricao": "Tipo de Mat\u00e9ria Legislativa/Descri\u00e7\u00e3o", "autoria": "Autorias", "texto_original": "Texto Original", "ementa": "Ementa"}, "results": [{"id": "232", "ano": "2015", "numero": "1", "tipo__sigla": "DS", "tipo__descricao": "DESPACHO", "autoria": "Vi Santana", "texto_original": "http://sapl.arinos.mg.leg.br/media/./sapl/public/materialegislativa/2015/232/232_texto_integral.pdf", "ementa": "DETERMINA \u00c0 COMISS\u00c3O DE FISCALIZA\u00c7\u00c3O FINANCEIRA E OR\u00c7AMENT\u00c1RIA A FISCALIZA\u00c7\u00c3O DE GASTOS COM OBRAS P\u00daBLICAS."}, {"id": "216", "ano": "2015", "numero": "73008", "tipo__sigla": "PC", "tipo__descricao": "Presta\u00e7\u00e3o de Contas ", "autoria": "Tribunal de contas", "texto_original": "http://sapl.arinos.mg.leg.br/media/./sapl/public/materialegislativa/2015/216/216_texto_integral.pdf", "ementa": "PRESTA\u00c7\u00c3O DE CONTAS DO MUNIC\u00cdPIO DE ARINOS NO EXERC\u00cdCIO DE 2006"}, {"id": "217", "ano": "2015", "numero": "1", "tipo__sigla": "PDL", "tipo__descricao": "Projeto de Decreto Legislativo", "autoria": "F\u00e1bio Valadares", "texto_original": "http://sapl.arinos.mg.leg.br/media/./sapl/public/materialegislativa/2015/217/217_texto_integral.pdf", "ementa": "APROVA AS CONTAS DO PREFEITO MUNICIPAL DE ARINOS, REFERENTES AO EXERC\u00cdCIO DE 2013, NOS TERMOS DO PARECER PR\u00c9VIO DO TRIBUNAL DE CONTAS DO ESTADO DE MINAS GERAIS."}, {"id": "227", "ano": "2015", "numero": "2", "tipo__sigla": "PDL", "tipo__descricao": "Projeto de Decreto Legislativo", "autoria": "Aldir Ramos", "texto_original": "http://sapl.arinos.mg.leg.br/media/./sapl/public/materialegislativa/2015/227/227_texto_integral.pdf", "ementa": "APROVA AS CONTAS DO EX-PREFEITO MUNICIPAL DE ARINOS, REFERENTES AO EXERC\u00cdCIO DE 2006, NOS TERMOS DO PARECER PR\u00c9VIO DO TRIBUNAL DE CONTAS DO ESTADO DE MINAS GERAIS."}, {"id": "205", "ano": "2015", "numero": "1", "tipo__sigla": "PLO", "tipo__descricao": "Projeto de Lei Ordin\u00e1ria", "autoria": "Roberto Sales", "texto_original": "http://sapl.arinos.mg.leg.br/media/./sapl/public/materialegislativa/2015/205/205_texto_integral.pdf", "ementa": "DISP\u00d5E SOBRE A CRIA\u00c7\u00c3O DOS CARGOS DE COORDENADOR DO CREAS E OPERADOR DO PROGRAMA BOLSA FAM\u00cdLIA NO QUADRO DE PESSOAL DA SECRETARIA MUNICIPAL DE DESENVOLVIMENTO SOCIAL E ALTERA O N\u00cdVEL DE VENCIMENTO DE INSTRUTOR DE ARTESANATO DA LEI 1.416 DE 24 DE MAIO DE 2013 E D\u00c1 OUTRAS PROVID\u00caNCIAS."}, {"id": "206", "ano": "2015", "numero": "2", "tipo__sigla": "PLO", "tipo__descricao": "Projeto de Lei Ordin\u00e1ria", "autoria": "Roberto Sales", "texto_original": "http://sapl.arinos.mg.leg.br/media/./sapl/public/materialegislativa/2015/206/206_texto_integral.pdf", "ementa": "DA NOVA REDA\u00c7\u00c3O AO ARTIGO 5\u00b0 DA LEI 1.463 DE 17 DE DEZEMBRO DE 2014 E D\u00c1 OUTRAS PROVID\u00caNCIAS."}, {"id": "207", "ano": "2015", "numero": "3", "tipo__sigla": "PLO", "tipo__descricao": "Projeto de Lei Ordin\u00e1ria", "autoria": "Roberto Sales", "texto_original": "http://sapl.arinos.mg.leg.br/media/./sapl/public/materialegislativa/2015/207/207_texto_integral.pdf", "ementa": "DISP\u00d5E SOBRE A POL\u00cdTICA MUNICIPAL DE PROMO\u00c7\u00c3O DA IGUALDADE RACIAL DO MUNIC\u00cdPIO DE ARINOS, CRIA COORDENADORIA E O CONSELHO MUNICIPAL DE ARINOS &#8211; MINAS GERAIS E D\u00c1 OUTRAS PROVIDENCIAS."}, {"id": "208", "ano": "2015", "numero": "4", "tipo__sigla": "PLO", "tipo__descricao": "Projeto de Lei Ordin\u00e1ria", "autoria": "Roberto Sales", "texto_original": "http://sapl.arinos.mg.leg.br/media/./sapl/public/materialegislativa/2015/208/208_texto_integral.pdf", "ementa": "DISP\u00d5E SOBRE ABERTURA DE CR\u00c9DITO SUPLEMENTAR E D\u00c1 OUTRAS PROVID\u00caNCIAS."}, {"id": "209", "ano": "2015", "numero": "5", "tipo__sigla": "PLO", "tipo__descricao": "Projeto de Lei Ordin\u00e1ria", "autoria": "Matos Al\u00e9m", "texto_original": "http://sapl.arinos.mg.leg.br/media/./sapl/public/materialegislativa/2015/209/209_texto_integral.pdf", "ementa": "DISP\u00d5E SOBRE A REVIS\u00c3O DOS SUBS\u00cdDIOS DOS VEREADORES, DO PREFEITO, DO VICE-PREFEITO E DOS SECRET\u00c1RIOS DO MUNIC\u00cdPIO."}, {"id": "210", "ano": "2015", "numero": "6", "tipo__sigla": "PLO", "tipo__descricao": "Projeto de Lei Ordin\u00e1ria", "autoria": "Matos Al\u00e9m", "texto_original": "http://sapl.arinos.mg.leg.br/media/./sapl/public/materialegislativa/2015/210/210_texto_integral.pdf", "ementa": "REVISA A REMUNERA\u00c7\u00c3O DOS SERVIDORES P\u00daBLICOS DO PODER LEGISLATIVO E D\u00c1 OUTRAS PROVID\u00caNCIAS."}, {"id": "212", "ano": "2015", "numero": "7", "tipo__sigla": "PLO", "tipo__descricao": "Projeto de Lei Ordin\u00e1ria", "autoria": "Cleuber Michirra", "texto_original": "http://sapl.arinos.mg.leg.br/media/./sapl/public/materialegislativa/2015/212/212_texto_integral.pdf", "ementa": "INSTITUI, NO \u00c2MBITO DO MUNIC\u00cdPIO DE ARINOS, A SEMANA DE COMBATE \u00c0 VIOL\u00caNCIA."}, {"id": "211", "ano": "2015", "numero": "8", "tipo__sigla": "PLO", "tipo__descricao": "Projeto de Lei Ordin\u00e1ria", "autoria": "Roberto Sales", "texto_original": "http://sapl.arinos.mg.leg.br/media/./sapl/public/materialegislativa/2015/211/211_texto_integral.pdf", "ementa": "DISP\u00d5E SOBRE A POL\u00cdTICA MUNICIPAL DE PROMO\u00c7\u00c3O DA IGUALDADE RACIAL DO MUNIC\u00cdPIO DE ARINOS, CRIA COORDENADORIA E O CONSELHO MUNICIPAL DE ARINOS &#8211; MINAS GERAIS E D\u00c1 OUTRAS PROVIDENCIAS."}, {"id": "213", "ano": "2015", "numero": "9", "tipo__sigla": "PLO", "tipo__descricao": "Projeto de Lei Ordin\u00e1ria", "autoria": "", "texto_original": "http://sapl.arinos.mg.leg.br/media/./sapl/public/materialegislativa/2015/213/213_texto_integral.pdf", "ementa": "DISP\u00d5E SOBRE A CRIA\u00c7\u00c3O DOS CARGOS DE COORDENADOR DO CREAS E OPERADOR DO PROGRAMA BOLSA FAM\u00cdLIA NO QUADRO DE PESSOAL DA SECRETARIA MUNICIPAL DE DESENVOLVIMENTO SOCIAL E ALTERA O N\u00cdVEL DE VENCIMENTO DE INSTRUTOR DE ARTESANATO DA LEI 1.416 DE 24 DE MAIO DE 2013 E D\u00c1 OUTRAS PROVID\u00caNCIAS."}, {"id": "214", "ano": "2015", "numero": "10", "tipo__sigla": "PLO", "tipo__descricao": "Projeto de Lei Ordin\u00e1ria", "autoria": "Cleuber Michirra", "texto_original": "http://sapl.arinos.mg.leg.br/media/./sapl/public/materialegislativa/2015/214/214_texto_integral.pdf", "ementa": "D\u00c1 NOVA REDA\u00c7\u00c3O AO CAPUT DO ART. 31 DA LEI N\u00ba 382, DE 01 DE NOVEMBRO DE 1984, ALTERADO PELA LEI N\u00ba 1.418, DE 24 DE MAIO DE 2013."}, {"id": "221", "ano": "2015", "numero": "11", "tipo__sigla": "PLO", "tipo__descricao": "Projeto de Lei Ordin\u00e1ria", "autoria": "Vi Santana", "texto_original": "http://sapl.arinos.mg.leg.br/media/./sapl/public/materialegislativa/2015/221/221_texto_integral.pdf", "ementa": "DISP\u00d5E SOBRE A PROIBI\u00c7\u00c3O DE QUEIMADAS NO PER\u00cdMETRO URBANO DO MUNIC\u00cdPIO DE ARINOS E D\u00c1 OUTRAS PROVID\u00caNCIAS."}, {"id": "218", "ano": "2015", "numero": "12", "tipo__sigla": "PLO", "tipo__descricao": "Projeto de Lei Ordin\u00e1ria", "autoria": "Roberto Sales", "texto_original": "http://sapl.arinos.mg.leg.br/media/./sapl/public/materialegislativa/2015/218/218_texto_integral.pdf", "ementa": "CRIA CARGO DE FONOAUDI\u00d3LOGO NO QUADRO DE PESSOAL DA PREFEITURA MUNICIPAL."}, {"id": "219", "ano": "2015", "numero": "13", "tipo__sigla": "PLO", "tipo__descricao": "Projeto de Lei Ordin\u00e1ria", "autoria": "Roberto Sales", "texto_original": "http://sapl.arinos.mg.leg.br/media/./sapl/public/materialegislativa/2015/219/219_texto_integral.pdf", "ementa": "AUTORIZA A DOA\u00c7\u00c3O DE \u00c1REAS DE TERRENO URBANO, DE PROPRIEDADE DO MUNIC\u00cdPIO AO ESTADO DE MINAS GERAIS, PARA USO DO TRIBUNAL DE JUSTI\u00c7A, PARA O FIM QUE ESPECIFICA E DA OUTRAS PROVID\u00caNCIAS."}, {"id": "220", "ano": "2015", "numero": "14", "tipo__sigla": "PLO", "tipo__descricao": "Projeto de Lei Ordin\u00e1ria", "autoria": "Roberto Sales", "texto_original": "http://sapl.arinos.mg.leg.br/media/./sapl/public/materialegislativa/2015/220/220_texto_integral.pdf", "ementa": "AUTORIZA A DOA\u00c7\u00c3O DE \u00c1REA DE TERRENO URBANO, DE PROPRIEDADE DO MUNIC\u00cdPIO PARA \u00c0 ACOMAR E DA OUTRAS PROVID\u00caNCIAS."}, {"id": "223", "ano": "2015", "numero": "15", "tipo__sigla": "PLO", "tipo__descricao": "Projeto de Lei Ordin\u00e1ria", "autoria": "Roberto Sales", "texto_original": "http://sapl.arinos.mg.leg.br/media/./sapl/public/materialegislativa/2015/223/223_texto_integral.pdf", "ementa": "DISP\u00d5E SOBRE AS DIRETRIZES PARA A ELABORA\u00c7\u00c3O DA LEI OR\u00c7AMENT\u00c1RIA DE 2016 E D\u00c1 OUTRAS PROVID\u00caNCIAS."}, {"id": "226", "ano": "2015", "numero": "16", "tipo__sigla": "PLO", "tipo__descricao": "Projeto de Lei Ordin\u00e1ria", "autoria": "Roberto Sales", "texto_original": "http://sapl.arinos.mg.leg.br/media/./sapl/public/materialegislativa/2015/226/226_texto_integral.pdf", "ementa": "ALTERA A LEI MUNICIPAL N. 1.103 DE 30 DE DEZEMBRO DE 2015, QUE INSTITUI O PLANO DE CARGOS, CARREIRA E VENCIMENTOS DOS SERVIDORES PERTENCENTES AO QUADRO DE PESSOAL DA PREFEITURA MUNICIPAL DE ARINOS E D\u00c1 OUTRAS PROVID\u00caNCIAS PARA MODIFICAR O VENCIMENTO DO CARGO DE PROCURADOR JUR\u00cdDICO."}, {"id": "229", "ano": "2015", "numero": "17", "tipo__sigla": "PLO", "tipo__descricao": "Projeto de Lei Ordin\u00e1ria", "autoria": "Alberto Muniz", "texto_original": "http://sapl.arinos.mg.leg.br/media/./sapl/public/materialegislativa/2015/229/229_texto_integral.pdf", "ementa": "DECLARA DE UTILIDADE P\u00daBLICA A ASSOCIA\u00c7\u00c3O DE PEQUENOS PRODUTORES RURAIS DA FAZENDA BOR\u00c1 &#8211; APRO-BOR\u00c1."}, {"id": "230", "ano": "2015", "numero": "18", "tipo__sigla": "PLO", "tipo__descricao": "Projeto de Lei Ordin\u00e1ria", "autoria": "Alberto Muniz", "texto_original": "http://sapl.arinos.mg.leg.br/media/./sapl/public/materialegislativa/2015/230/230_texto_integral.pdf", "ementa": "DECLARA DE UTILIDADE P\u00daBLICA A ASSOCIA\u00c7\u00c3O DOS PRODUTORES DE LEITE E DERIVADOS DO LAMARCA - APLDL."}, {"id": "233", "ano": "2015", "numero": "19", "tipo__sigla": "PLO", "tipo__descricao": "Projeto de Lei Ordin\u00e1ria", "autoria": "Roberto Sales", "texto_original": "http://sapl.arinos.mg.leg.br/media/./sapl/public/materialegislativa/2015/233/233_texto_integral.pdf", "ementa": "APROVA O PLANO MUNICIPAL DE EDUCA\u00c7\u00c3O - PME E D\u00c1 OUTRAS PROVID\u00caNCIAS."}, {"id": "234", "ano": "2015", "numero": "20", "tipo__sigla": "PLO", "tipo__descricao": "Projeto de Lei Ordin\u00e1ria", "autoria": "Aldir Ramos", "texto_original": "http://sapl.arinos.mg.leg.br/media/./sapl/public/materialegislativa/2015/234/234_texto_integral.pdf", "ementa": "INSTITUI, NO CALEND\u00c1RIO OFICIAL DE EVENTOS DO MUNIC\u00cdPIO DE ARINOS, DATAS DE ANIVERS\u00c1RIO DOS BAIRROS."}, {"id": "235", "ano": "2015", "numero": "21", "tipo__sigla": "PLO", "tipo__descricao": "Projeto de Lei Ordin\u00e1ria", "autoria": "Roberto Sales", "texto_original": "http://sapl.arinos.mg.leg.br/media/./sapl/public/materialegislativa/2015/235/235_texto_integral.pdf", "ementa": "INSTITUI NO MUNIC\u00cdPIO DE ARINOS O TRATAMENTO DIFERENCIADO E FAVORECIDO \u00c0S MICROEMPRESAS E EMPRESAS DE PEQUENO PORTE DE QUE TRATA A LEI COMPLEMENTAR FEDERAL N\u00ba 123, DE 14 DE DEZEMBRO DE 2006, E D\u00c1 OUTRAS PROVID\u00caNCIAS."}, {"id": "236", "ano": "2015", "numero": "22", "tipo__sigla": "PLO", "tipo__descricao": "Projeto de Lei Ordin\u00e1ria", "autoria": "Roberto Sales", "texto_original": "http://sapl.arinos.mg.leg.br/media/./sapl/public/materialegislativa/2015/236/236_texto_integral.pdf", "ementa": "REVOGA EM SEU INTEIRO TEOR A LEI 1.453/2014 QUE ADERI AO PROGRAMA MAIS M\u00c9DICOS, A CONCESS\u00c3O DE AUX\u00cdLIO MORADIA E ALIMENTA\u00c7\u00c3O, E D\u00c1 OUTRAS PROVID\u00caNCIAS."}, {"id": "237", "ano": "2015", "numero": "23", "tipo__sigla": "PLO", "tipo__descricao": "Projeto de Lei Ordin\u00e1ria", "autoria": "Cleuber Michirra, Junior Valadares", "texto_original": "http://sapl.arinos.mg.leg.br/media/./sapl/public/materialegislativa/2015/237/237_texto_integral.pdf", "ementa": "DISP\u00d5E SOBRE O USO DE SOM AUTOMOTIVO EM VE\u00cdCULOS PARTICULARES NO MUNIC\u00cdPIO DE ARINOS E D\u00c1 OUTRAS PROVID\u00caNCIAS."}, {"id": "238", "ano": "2015", "numero": "24", "tipo__sigla": "PLO", "tipo__descricao": "Projeto de Lei Ordin\u00e1ria", "autoria": "Junior Valadares", "texto_original": "http://sapl.arinos.mg.leg.br/media/./sapl/public/materialegislativa/2015/238/238_texto_integral.pdf", "ementa": "D\u00c1 NOVA REDA\u00c7\u00c3O AO ART. 19-A DA LEI N\u00b0 829, DE 29 DE JUNHO DE 2000, QUE ESTABELECE O REGULAMENTO DOS PERMISSION\u00c1RIOS DO TRANSPORTE INDIVIDUAL DE PASSAGEIROS DO MUNIC\u00cdPIO DE ARINOS."}, {"id": "240", "ano": "2015", "numero": "25", "tipo__sigla": "PLO", "tipo__descricao": "Projeto de Lei Ordin\u00e1ria", "autoria": "Roberto Sales", "texto_original": "http://sapl.arinos.mg.leg.br/media/./sapl/public/materialegislativa/2015/240/240_texto_integral.pdf", "ementa": "AUTORIZA A DOA\u00c7\u00c3O DE \u00c1REA DE TERRENO URBANO, DE PROPRIEDADE DO MUNIC\u00cdPIO PARA \u00c0 ACOMAR E DA OUTRAS PROVID\u00caNCIAS.\r\n"}, {"id": "241", "ano": "2015", "numero": "26", "tipo__sigla": "PLO", "tipo__descricao": "Projeto de Lei Ordin\u00e1ria", "autoria": "Roberto Sales", "texto_original": "http://sapl.arinos.mg.leg.br/media/./sapl/public/materialegislativa/2015/241/241_texto_integral.pdf", "ementa": "ALTERA LEI MUNICIPAL N.\u00ba1.453/2014; QUE &#8220;DISP\u00d5E SOBRE O PODER EXECUTIVO A ADERIR AO PROGRAMA MAIS M\u00c9DICOS, A CONCEDER AUXILIO MORADIA E ALIMENTA\u00c7\u00c3O, E D\u00c1 OUTRAS PROVID\u00caNCIAS.&#8221;"}, {"id": "243", "ano": "2015", "numero": "27", "tipo__sigla": "PLO", "tipo__descricao": "Projeto de Lei Ordin\u00e1ria", "autoria": "Roberto Sales", "texto_original": "http://sapl.arinos.mg.leg.br/media/./sapl/public/materialegislativa/2015/243/243_texto_integral.pdf", "ementa": "DISP\u00d5E SOBRE ABERTURA DE CR\u00c9DITO SUPLEMENTAR E D\u00c1 OUTRAS PROVID\u00caNCIAS."}, {"id": "244", "ano": "2015", "numero": "28", "tipo__sigla": "PLO", "tipo__descricao": "Projeto de Lei Ordin\u00e1ria", "autoria": "Roberto Sales", "texto_original": "http://sapl.arinos.mg.leg.br/media/./sapl/public/materialegislativa/2015/244/244_texto_integral.pdf", "ementa": "AUTORIZA O MUNIC\u00cdPIO DE ARINOS A CONTRATAR COM O BANCO DE DESENVOLVIMENTO DE MINAS GERAIS S/A - BDMG, OPERA\u00c7\u00d5ES DE CR\u00c9DITO COM OUTORGA DE GARANTIA E D\u00c1 OUTRAS PROVID\u00caNCIAS."}, {"id": "245", "ano": "2015", "numero": "29", "tipo__sigla": "PLO", "tipo__descricao": "Projeto de Lei Ordin\u00e1ria", "autoria": "Roberto Sales", "texto_original": "http://sapl.arinos.mg.leg.br/media/./sapl/public/materialegislativa/2015/245/245_texto_integral.pdf", "ementa": "ESTABELECE OS MEIOS OFICIAIS DE PUBLICA\u00c7\u00c3O DOS ATOS NORMATIVOS E ADMINISTRATIVOS, DO MUNIC\u00cdPIO DE ARINOS E D\u00c1 OUTRAS PROVID\u00caNCIAS."}, {"id": "246", "ano": "2015", "numero": "30", "tipo__sigla": "PLO", "tipo__descricao": "Projeto de Lei Ordin\u00e1ria", "autoria": "Aldir Ramos, Alberto Muniz, Edmilson do Crispim Santana, Jos\u00e9 Rodrigues - Lu, Vi Santana", "texto_original": "http://sapl.arinos.mg.leg.br/media/./sapl/public/materialegislativa/2015/246/246_texto_integral.pdf", "ementa": "REVOGA A LEI MUNICIPAL N\u00b01408 DE 11 DE DEZEMBRO DE 2012, QUE CONDICIONA A EXPANS\u00c3O DO PER\u00cdMETRO URBANO AO ATENDIMENTO DAS CONDI\u00c7\u00d5ES ESTABELECIDAS NO PLANO DIRETOR DO MUNIC\u00cdPIO."}, {"id": "248", "ano": "2015", "numero": "31", "tipo__sigla": "PLO", "tipo__descricao": "Projeto de Lei Ordin\u00e1ria", "autoria": "Roberto Sales", "texto_original": "http://sapl.arinos.mg.leg.br/media/./sapl/public/materialegislativa/2015/248/248_texto_integral.pdf", "ementa": "AUTORIZA A CONCESS\u00c3O DE CONTRIBUI\u00c7\u00d5ES E SUBVEN\u00c7\u00d5ES QUE ESPECIFICA E D\u00c1 OUTRAS PROVID\u00caNCIAS."}, {"id": "249", "ano": "2015", "numero": "32", "tipo__sigla": "PLO", "tipo__descricao": "Projeto de Lei Ordin\u00e1ria", "autoria": "Roberto Sales", "texto_original": "http://sapl.arinos.mg.leg.br/media/./sapl/public/materialegislativa/2015/249/249_texto_integral.pdf", "ementa": "DISP\u00d5E SOBRE A ALTERA\u00c7\u00c3O DO PLANO PLURIANUAL DE A\u00c7\u00d5ES PARA O QUADRI\u00caNIO 2014/2017 E D\u00c1 OUTRAS PROVID\u00caNCIAS."}, {"id": "250", "ano": "2015", "numero": "33", "tipo__sigla": "PLO", "tipo__descricao": "Projeto de Lei Ordin\u00e1ria", "autoria": "Roberto Sales", "texto_original": "http://sapl.arinos.mg.leg.br/media/./sapl/public/materialegislativa/2015/250/250_texto_integral.pdf", "ementa": "ESTIMA A RECEITA E FIXA A DESPESA DO MUNIC\u00cdPIO DE ARINOS PARA O EXERC\u00cdCIO FINANCEIRO DE 2016 E D\u00c1 OUTRAS PROVID\u00caNCIAS."}, {"id": "247", "ano": "2015", "numero": "34", "tipo__sigla": "PLO", "tipo__descricao": "Projeto de Lei Ordin\u00e1ria", "autoria": "Roberto Sales", "texto_original": "http://sapl.arinos.mg.leg.br/media/./sapl/public/materialegislativa/2015/247/247_texto_integral.pdf", "ementa": "INSTITUI O SERVI\u00c7O P\u00daBLICO MUNICIPAL DE TRANSPORTE ESCOLAR NO MUNIC\u00cdPIO E D\u00c1 OUTRAS PROVID\u00caNCIAS."}, {"id": "251", "ano": "2015", "numero": "35", "tipo__sigla": "PLO", "tipo__descricao": "Projeto de Lei Ordin\u00e1ria", "autoria": "Junior Valadares", "texto_original": "http://sapl.arinos.mg.leg.br/media/./sapl/public/materialegislativa/2015/251/251_texto_integral.pdf", "ementa": "ALTERA A DENOMINA\u00c7\u00c3O DE LOGRADOURO P\u00daBLICO QUE MENCIONA E D\u00c1 OUTRAS PROVID\u00caNCIAS."}, {"id": "252", "ano": "2015", "numero": "36", "tipo__sigla": "PLO", "tipo__descricao": "Projeto de Lei Ordin\u00e1ria", "autoria": "F\u00e1bio Valadares", "texto_original": "http://sapl.arinos.mg.leg.br/media/./sapl/public/materialegislativa/2015/252/252_texto_integral.pdf", "ementa": "D\u00c1 DENOMINA\u00c7\u00c3O AO POSTO DE SA\u00daDE LOCALIZADO NO PROJETO DE ASSENTAMENTO CHICO MENDES"}, {"id": "253", "ano": "2015", "numero": "37", "tipo__sigla": "PLO", "tipo__descricao": "Projeto de Lei Ordin\u00e1ria", "autoria": "Roberto Sales", "texto_original": "http://sapl.arinos.mg.leg.br/media/./sapl/public/materialegislativa/2015/253/253_texto_integral.pdf", "ementa": "DISP\u00d5E SOBRE A CONTRIBUI\u00c7\u00c3O PARA O CUSTEIO DO SERVI\u00c7O DE ILUMINA\u00c7\u00c3O P\u00daBLICA E D\u00c1 OUTRA PROVID\u00caNCIAS."}, {"id": "254", "ano": "2015", "numero": "38", "tipo__sigla": "PLO", "tipo__descricao": "Projeto de Lei Ordin\u00e1ria", "autoria": "Roberto Sales", "texto_original": "http://sapl.arinos.mg.leg.br/media/./sapl/public/materialegislativa/2015/254/254_texto_integral.pdf", "ementa": "DISP\u00d5E SOBRE ABERTURA DE CR\u00c9DITO SUPLEMENTAR E D\u00c1 OUTRAS PROVID\u00caNCIAS."}, {"id": "215", "ano": "2015", "numero": "1", "tipo__sigla": "REQ", "tipo__descricao": "Requerimento", "autoria": "Cleuber Michirra", "texto_original": "http://sapl.arinos.mg.leg.br/media/./sapl/public/materialegislativa/2015/215/215_texto_integral.pdf", "ementa": "REQUER A CRIA\u00c7\u00c3O DE COMISS\u00c3O PARLAMENTAR DE INQU\u00c9RITO PARA APURAR IRREGULARIDADES NO TRANSPORTE ESCOLAR."}, {"id": "228", "ano": "2015", "numero": "2", "tipo__sigla": "REQ", "tipo__descricao": "Requerimento", "autoria": "Junior Valadares", "texto_original": "http://sapl.arinos.mg.leg.br/media/./sapl/public/materialegislativa/2015/228/228_texto_integral.pdf", "ementa": "REQUER A RELA\u00c7\u00c3O DOS FUNCION\u00c1RIOS EFETIVOS E CONTRATADOS DA PREFEITURA MUNICIPAL E DA FUNDA\u00c7\u00c3O MUNICIPAL DE SA\u00daDE DE ARINOS."}, {"id": "231", "ano": "2015", "numero": "3", "tipo__sigla": "REQ", "tipo__descricao": "Requerimento", "autoria": "J\u00fanior Valadares", "texto_original": "http://sapl.arinos.mg.leg.br/media/./sapl/public/materialegislativa/2015/231/231_texto_integral.pdf", "ementa": "REQUER C\u00d3PIA DO CONV\u00caNIO 777011/2012, DA PRESTA\u00c7\u00c3O DE CONTAS E C\u00d3PIA DO EXTRATO BANC\u00c1RIO DA CONTA DA PREFEITURA ONDE FOI FEITO O DEP\u00d3SITO REFERENTE A OB 800164."}, {"id": "239", "ano": "2015", "numero": "4", "tipo__sigla": "REQ", "tipo__descricao": "Requerimento", "autoria": "Junior Valadares, Cleuber Michirra", "texto_original": "http://sapl.arinos.mg.leg.br/media/./sapl/public/materialegislativa/2015/239/239_texto_integral.pdf", "ementa": "REQUER C\u00d3PIA DE CONTRA-CHEQUES DE SERVIDORES DOS CARGOS DE ATEN\u00c7\u00c3O PRIM\u00c1RIA \u00c0 SA\u00daDE E EPIDEMIOLOGIA E PROCURADOR JUR\u00cdDICO DO MUNIC\u00cdPIO DE ARINOS."}, {"id": "222", "ano": "2015", "numero": "1", "tipo__sigla": "RC", "tipo__descricao": "REQUERIMENTO DE COMISS\u00c3O", "autoria": "F\u00e1bio Valadares", "texto_original": "http://sapl.arinos.mg.leg.br/media/./sapl/public/materialegislativa/2015/222/222_texto_integral.pdf", "ementa": "REQUER A CONVOCA\u00c7\u00c3O DA SECRETARIA MUNICIPAL DE SA\u00daDE PARA PRESTAR INFORMA\u00c7\u00d5ES SOBRE O COMBATE \u00c0 DENGUE."}, {"id": "225", "ano": "2015", "numero": "2", "tipo__sigla": "RC", "tipo__descricao": "REQUERIMENTO DE COMISS\u00c3O", "autoria": "F\u00e1bio Valadares", "texto_original": "http://sapl.arinos.mg.leg.br/media/./sapl/public/materialegislativa/2015/225/225_texto_integral.pdf", "ementa": "REQUER A CONVOCA\u00c7\u00c3O DO SECRET\u00c1RIO MUNICIPAL DE OBRAS E SERVI\u00c7OS P\u00daBLICOS PARA PRESTAR INFORMA\u00c7\u00d5ES SOBRE A OPERA\u00c7\u00c3O TAPA BURACOS"}]}