{"headers": {"id": "ID", "ano": "Ano", "numero": "N\u00famero", "tipo__sigla": "Tipo de Mat\u00e9ria Legislativa/Sigla", "tipo__descricao": "Tipo de Mat\u00e9ria Legislativa/Descri\u00e7\u00e3o", "autoria": "Autorias", "texto_original": "Texto Original", "ementa": "Ementa"}, "results": [{"id": "283", "ano": "2017", "numero": "1", "tipo__sigla": "DS", "tipo__descricao": "DESPACHO", "autoria": "", "texto_original": "http://sapl.arinos.mg.leg.br/media/./sapl/public/materialegislativa/2017/283/283_texto_integral.pdf", "ementa": "DETERMINA AO PRESIDENTE DA COMISS\u00c3O DE EDUCA\u00c7\u00c3O E SA\u00daDE QUE APURE SUPOSTA IRREGULARIDADE NA VENDA DE UNIFORMES PELA CRECHE CEMEI MARIANE FONSECA ALMEIDA."}, {"id": "317", "ano": "2017", "numero": "2", "tipo__sigla": "DS", "tipo__descricao": "DESPACHO", "autoria": "VALDO TORA", "texto_original": "http://sapl.arinos.mg.leg.br/media/./sapl/public/materialegislativa/2017/317/317_texto_integral.pdf", "ementa": "DETERMINA A INSTAURA\u00c7\u00c3O DE PROCESSO DE INVESTIGA\u00c7\u00c3O SOBRE ATENDIMENTO M\u00c9DICO."}, {"id": "295", "ano": "2017", "numero": "98702", "tipo__sigla": "PC", "tipo__descricao": "Presta\u00e7\u00e3o de Contas ", "autoria": "Tribunal de contas", "texto_original": "http://sapl.arinos.mg.leg.br/media/./sapl/public/materialegislativa/2017/295/295_texto_integral.pdf", "ementa": "PRESTA\u00c7\u00c3O DE CONTAS DO EXECUTIVO MUNICIPAL EXERC\u00cdCIO DE 2015."}, {"id": "313", "ano": "2017", "numero": "2", "tipo__sigla": "PDL", "tipo__descricao": "Projeto de Decreto Legislativo", "autoria": "Edmilson do Crispim Santana, Fabio Valadares, J\u00fanior Valadares, William Professor", "texto_original": "http://sapl.arinos.mg.leg.br/media/./sapl/public/materialegislativa/2017/313/313_texto_integral.pdf", "ementa": "DISP\u00d5E SOBRE A CONCESS\u00c3O DE DI\u00c1RIAS E A AQUISI\u00c7\u00c3O DE PASSAGENS PARA OS SERVIDORES DA C\u00c2MARA MUNICIPAL DE ARINOS E D\u00c1 OUTRAS PROVID\u00caNCIAS."}, {"id": "278", "ano": "2017", "numero": "1", "tipo__sigla": "PLO", "tipo__descricao": "Projeto de Lei Ordin\u00e1ria", "autoria": "Carlos Alberto Recch Filho", "texto_original": "http://sapl.arinos.mg.leg.br/media/./sapl/public/materialegislativa/2017/278/278_texto_integral.pdf", "ementa": "AUTORIZA A CONCESS\u00c3O DE CONTRIBUI\u00c7\u00d5ES E SUBVEN\u00c7\u00d5ES QUE ESPECIFICA E D\u00c1 OUTRAS PROVID\u00caNCIAS."}, {"id": "279", "ano": "2017", "numero": "2", "tipo__sigla": "PLO", "tipo__descricao": "Projeto de Lei Ordin\u00e1ria", "autoria": "Carlos Alberto Recch Filho", "texto_original": "http://sapl.arinos.mg.leg.br/media/./sapl/public/materialegislativa/2017/279/279_texto_integral.pdf", "ementa": "AUTORIZA SUPLEMENTAR O OR\u00c7AMENTO VIGENTE E D\u00c1 OUTRAS PROVID\u00caNCIAS."}, {"id": "280", "ano": "2017", "numero": "3", "tipo__sigla": "PLO", "tipo__descricao": "Projeto de Lei Ordin\u00e1ria", "autoria": "Carlos Alberto Recch Filho", "texto_original": "http://sapl.arinos.mg.leg.br/media/./sapl/public/materialegislativa/2017/280/280_texto_integral.pdf", "ementa": "INSTITUI O FUNDO MUNICIPAL DOS DIREITOS DA PESSOA IDOSA DO MUNIC\u00cdPIO DE ARINOS E D\u00c1 OUTRAS PROVID\u00caNCIAS."}, {"id": "282", "ano": "2017", "numero": "4", "tipo__sigla": "PLO", "tipo__descricao": "Projeto de Lei Ordin\u00e1ria", "autoria": "Edmilson do Crispim Santana, Fabio Valadares, J\u00fanior Valadares, William Professor", "texto_original": "http://sapl.arinos.mg.leg.br/media/", "ementa": "CONCEDE AOS VEREADORES DA C\u00c2MARA MUNICIPAL DE ARINOS O 13\u00b0 (D\u00c9CIMO TERCEIRO) SUBS\u00cdDIO E AS F\u00c9RIAS REGULAMENTARES."}, {"id": "284", "ano": "2017", "numero": "5", "tipo__sigla": "PLO", "tipo__descricao": "Projeto de Lei Ordin\u00e1ria", "autoria": "F\u00e1bio Valadares", "texto_original": "http://sapl.arinos.mg.leg.br/media/./sapl/public/materialegislativa/2017/284/284_texto_integral.pdf", "ementa": "ALTERA A DENOMINA\u00c7\u00c3O DA BARRAGEM QUE MENCIONA PARA GER\u00d4NIMO JOS\u00c9 DA COSTA."}, {"id": "287", "ano": "2017", "numero": "6", "tipo__sigla": "PLO", "tipo__descricao": "Projeto de Lei Ordin\u00e1ria", "autoria": "Carlos Alberto Recch Filho", "texto_original": "http://sapl.arinos.mg.leg.br/media/./sapl/public/materialegislativa/2017/287/287_texto_integral.pdf", "ementa": "DISP\u00d5E SOBRE ABERTURA DE CR\u00c9DITO SUPLEMENTAR E D\u00c1 OUTRAS PROVID\u00caNCIAS."}, {"id": "285", "ano": "2017", "numero": "7", "tipo__sigla": "PLO", "tipo__descricao": "Projeto de Lei Ordin\u00e1ria", "autoria": "Cleuber Michirra, Edmilson do Crispim Santana", "texto_original": "http://sapl.arinos.mg.leg.br/media/./sapl/public/materialegislativa/2017/285/285_texto_integral.pdf", "ementa": "RECONHECE DE UTILIDADE P\u00daBLICA A ASSOCIA\u00c7\u00c3O DE MENINAS E MENINOS DE ARINOS  E REGI\u00c3O - AMMAR."}, {"id": "290", "ano": "2017", "numero": "8", "tipo__sigla": "PLO", "tipo__descricao": "Projeto de Lei Ordin\u00e1ria", "autoria": "Carlos Alberto Recch Filho", "texto_original": "http://sapl.arinos.mg.leg.br/media/./sapl/public/materialegislativa/2017/290/290_texto_integral.pdf", "ementa": "DISP\u00d5E SOBRE AS DIRETRIZES PARA A ELABORA\u00c7\u00c3O DA LEI OR\u00c7AMENT\u00c1RIA DE 2018 E D\u00c1 OUTRAS PROVID\u00caNCIAS."}, {"id": "291", "ano": "2017", "numero": "9", "tipo__sigla": "PLO", "tipo__descricao": "Projeto de Lei Ordin\u00e1ria", "autoria": "Carlos Alberto Recch Filho", "texto_original": "http://sapl.arinos.mg.leg.br/media/./sapl/public/materialegislativa/2017/291/291_texto_integral.pdf", "ementa": "&#8220;DISP\u00d5E SOBRE ALTERA\u00c7\u00d5ES DOS ANEXOS II E V, PAR\u00c1GRAFO 2\u00ba DO ART. 8\u00ba E ART. 10 DA LEI MUNICIPAL N\u00ba.1.104/2005, QUE INSTITUI O PLANO DE CARGOS, CARREIRA E VENCIMENTO DO QUADRO DO MAGIST\u00c9RIO DO MUNIC\u00cdPIO DE ARINOS/MG E D\u00c1 OUTRAS PROVID\u00caNCIAS.&#8221;"}, {"id": "292", "ano": "2017", "numero": "10", "tipo__sigla": "PLO", "tipo__descricao": "Projeto de Lei Ordin\u00e1ria", "autoria": "Carlos Alberto Recch Filho", "texto_original": "http://sapl.arinos.mg.leg.br/media/./sapl/public/materialegislativa/2017/292/292_texto_integral.pdf", "ementa": "DISP\u00d5E SOBRE A EXPEDI\u00c7\u00c3O DE CERTID\u00c3O DE CONTAGEM DE TEMPO PARA PROFESSORES OCUPANTES DO CARGO EM COMISS\u00c3O DE DIRETOR, VICE-DIRETOR, COORDENADORES ESCOLAR E DE CRECHE DE UNIDADES MUNICIPAIS DE ENSINO, E D\u00c1 OUTRAS PROVID\u00caNCIAS."}, {"id": "294", "ano": "2017", "numero": "11", "tipo__sigla": "PLO", "tipo__descricao": "Projeto de Lei Ordin\u00e1ria", "autoria": "Carlos Alberto Recch Filho", "texto_original": "http://sapl.arinos.mg.leg.br/media/./sapl/public/materialegislativa/2017/294/294_texto_integral.pdf", "ementa": "DISP\u00d5E SOBRE ABERTURA DE CR\u00c9DITO SUPLEMENTAR E D\u00c1 OUTRAS PROVID\u00caNCIAS."}, {"id": "296", "ano": "2017", "numero": "12", "tipo__sigla": "PLO", "tipo__descricao": "Projeto de Lei Ordin\u00e1ria", "autoria": "Carlos Alberto Recch Filho", "texto_original": "http://sapl.arinos.mg.leg.br/media/./sapl/public/materialegislativa/2017/296/296_texto_integral.pdf", "ementa": "DISP\u00d5E SOBRE A CRIA\u00c7\u00c3O DE CARGO DE PROVIMENTO EM COMISS\u00c3O DE COORDENADOR DE VIGIL\u00c2NCIA EM SA\u00daDE E D\u00c1 OUTRAS PROVID\u00caNCIAS."}, {"id": "297", "ano": "2017", "numero": "13", "tipo__sigla": "PLO", "tipo__descricao": "Projeto de Lei Ordin\u00e1ria", "autoria": "Carlos Alberto Recch Filho", "texto_original": "http://sapl.arinos.mg.leg.br/media/./sapl/public/materialegislativa/2017/297/297_texto_integral.pdf", "ementa": "CONCEDE REVIS\u00c3O GERAL ANUAL DOS VENCIMENTOS DOS SERVIDORES P\u00daBLICOS DO PODER EXECUTIVO MUNICIPAL - ADMINISTRA\u00c7\u00c3O DIRETA E INDIRETA E D\u00c1 OUTRAS PROVID\u00caNCIAS."}, {"id": "298", "ano": "2017", "numero": "14", "tipo__sigla": "PLO", "tipo__descricao": "Projeto de Lei Ordin\u00e1ria", "autoria": "Carlos Alberto Recch Filho", "texto_original": "http://sapl.arinos.mg.leg.br/media/./sapl/public/materialegislativa/2017/298/298_texto_integral.pdf", "ementa": "DISP\u00d5E SOBRE A CRIA\u00c7\u00c3O DE CARGOS NO PROGRAMA SA\u00daDE DA FAM\u00cdLIA - PSF E PACS NO \u00c2MBITO DO MUNIC\u00cdPIO, E CONT\u00c9M OUTRAS PROVID\u00caNCIAS."}, {"id": "301", "ano": "2017", "numero": "15", "tipo__sigla": "PLO", "tipo__descricao": "Projeto de Lei Ordin\u00e1ria", "autoria": "Edmilson do Crispim Santana, Fabio Valadares, J\u00fanior Valadares, William Professor", "texto_original": "http://sapl.arinos.mg.leg.br/media/./sapl/public/materialegislativa/2017/301/301_texto_integral.pdf", "ementa": "CONCEDE AOS VEREADORES DA C\u00c2MARA MUNICIPAL DE ARINOS O 13\u00b0 (D\u00c9CIMO TERCEIRO) SUBS\u00cdDIO E AS F\u00c9RIAS REGULAMENTARES."}, {"id": "302", "ano": "2017", "numero": "16", "tipo__sigla": "PLO", "tipo__descricao": "Projeto de Lei Ordin\u00e1ria", "autoria": "Carlos Alberto Recch Filho", "texto_original": "http://sapl.arinos.mg.leg.br/media/./sapl/public/materialegislativa/2017/302/302_texto_integral.pdf", "ementa": "DISP\u00d5E SOBRE O PLANO PLURIANUAL PARA O QUADRI\u00caNIO 2018-2021 E D\u00c1 OUTRAS PROVID\u00caNCIAS."}, {"id": "303", "ano": "2017", "numero": "17", "tipo__sigla": "PLO", "tipo__descricao": "Projeto de Lei Ordin\u00e1ria", "autoria": "Carlos Alberto Recch Filho", "texto_original": "http://sapl.arinos.mg.leg.br/media/./sapl/public/materialegislativa/2017/303/303_texto_integral.pdf", "ementa": "DISP\u00d5E SOBRE ALTERA\u00c7\u00c3O DO ART. 31 DA LEI 382 DE 01 DE NOVEMBRO DE 1984, ALTERADO PELA LEI N\u00b0 450 DE 20 DE JULHO DE 1988, PELA LEI N\u00b0 1418 DE 24 DE MAIO DE 2013 E PELA LEI N\u00b0 1468 DE 2015."}, {"id": "304", "ano": "2017", "numero": "18", "tipo__sigla": "PLO", "tipo__descricao": "Projeto de Lei Ordin\u00e1ria", "autoria": "Carlos Alberto Recch Filho", "texto_original": "http://sapl.arinos.mg.leg.br/media/./sapl/public/materialegislativa/2017/304/304_texto_integral.pdf", "ementa": "DISP\u00d5E SOBRE A CRIA\u00c7\u00c3O NO QUADRO DE PESSOAL DA FUNDA\u00c7\u00c3O MUNICIPAL DE SA\u00daDE DE 01 (UM) CARGO DE T\u00c9CNICO EM RADIOLOGIA E REDU\u00c7\u00c3O DE JORNADA DE TRABALHO SEMANAL DESSE RESPECTIVO CARGO, ALTERANDO O ANEXO III DA LEI 1137 DE 2006 E D\u00c1 OUTRAS PROVID\u00caNCIAS."}, {"id": "305", "ano": "2017", "numero": "19", "tipo__sigla": "PLO", "tipo__descricao": "Projeto de Lei Ordin\u00e1ria", "autoria": "Carlos Alberto Recch Filho", "texto_original": "http://sapl.arinos.mg.leg.br/media/./sapl/public/materialegislativa/2017/305/305_texto_integral.pdf", "ementa": "DISP\u00d5E SOBRE ABERTURA DE CR\u00c9DITO ESPECIAL E D\u00c1 OUTRAS PROVID\u00caNCIAS."}, {"id": "306", "ano": "2017", "numero": "20", "tipo__sigla": "PLO", "tipo__descricao": "Projeto de Lei Ordin\u00e1ria", "autoria": "Carlos Alberto Recch Filho", "texto_original": "http://sapl.arinos.mg.leg.br/media/./sapl/public/materialegislativa/2017/306/306_texto_integral.pdf", "ementa": "ESTIMA A RECEITA E FIXA A DESPESA DO MUNIC\u00cdPIO DE ARINOS PARA O EXERC\u00cdCIO FINANCEIRO DE 2018 E D\u00c1 OUTRAS PROVID\u00caNCIAS."}, {"id": "307", "ano": "2017", "numero": "21", "tipo__sigla": "PLO", "tipo__descricao": "Projeto de Lei Ordin\u00e1ria", "autoria": "Carlos Alberto Recch Filho", "texto_original": "http://sapl.arinos.mg.leg.br/media/./sapl/public/materialegislativa/2017/307/307_texto_integral.pdf", "ementa": "AUTORIZA A CONCESS\u00c3O DE CONTRIBUI\u00c7\u00d5ES E SUBVEN\u00c7\u00d5ES QUE ESPECIFICA E D\u00c1 OUTRAS PROVID\u00caNCIAS."}, {"id": "308", "ano": "2017", "numero": "22", "tipo__sigla": "PLO", "tipo__descricao": "Projeto de Lei Ordin\u00e1ria", "autoria": "Carlos Alberto Recch Filho", "texto_original": "http://sapl.arinos.mg.leg.br/media/./sapl/public/materialegislativa/2017/308/308_texto_integral.pdf", "ementa": "ALTERA DISPOSITIVOS DA LEI COMPLEMENTAR   N\u00ba  009,   DE   30 DE DEZEMBRO DE 2005, E D\u00c1 OUTRAS PROVID\u00caNCIAS."}, {"id": "309", "ano": "2017", "numero": "23", "tipo__sigla": "PLO", "tipo__descricao": "Projeto de Lei Ordin\u00e1ria", "autoria": "Carlos Alberto Recch Filho", "texto_original": "http://sapl.arinos.mg.leg.br/media/./sapl/public/materialegislativa/2017/309/309_texto_integral.pdf", "ementa": "DISP\u00d5E SOBRE A CRIA\u00c7\u00c3O DE CARGO EFETIVO DE NUTRICIONISTA NO QUADRO DE PESSOAL DA PREFEITURA MUNICIPAL E D\u00c1 OUTRAS PROVID\u00caNCIAS."}, {"id": "310", "ano": "2017", "numero": "24", "tipo__sigla": "PLO", "tipo__descricao": "Projeto de Lei Ordin\u00e1ria", "autoria": "Carlos Alberto Recch Filho", "texto_original": "http://sapl.arinos.mg.leg.br/media/./sapl/public/materialegislativa/2017/310/310_texto_integral.pdf", "ementa": "DISP\u00d5E SOBRE A INCLUS\u00c3O NO S\u00cdMBOLO DE VENCIMENTO \"CC3\", PARA O CARGO EM COMISS\u00c3O DE ASSISTENTE JUDICI\u00c1RIO, CONSTANTES DA LEI MUNICIPAL N\u00b0 1.138/2006, ALTERADA PELA LEI N\u00b0 1.227/2009."}, {"id": "311", "ano": "2017", "numero": "25", "tipo__sigla": "PLO", "tipo__descricao": "Projeto de Lei Ordin\u00e1ria", "autoria": "F\u00e1bio Valadares, Alberto Muniz, Edmilson do Crispim Santana, Saint-Clair  Valadares ", "texto_original": "http://sapl.arinos.mg.leg.br/media/./sapl/public/materialegislativa/2017/311/311_texto_integral.pdf", "ementa": "AUTORIZA O PODER EXECUTIVO MUNICIPAL A CONCEDER DESCONTO NOS JUROS E MULTAS REFERENTES AO PAGAMENTO DO IPTU, BEM COMO PARCELAMENTO DAS D\u00cdVIDAS RELACIONADAS AO REFERIDO IMPOSTO."}, {"id": "312", "ano": "2017", "numero": "26", "tipo__sigla": "PLO", "tipo__descricao": "Projeto de Lei Ordin\u00e1ria", "autoria": "Edmilson do Crispim Santana, Fabio Valadares, J\u00fanior Valadares, William Professor", "texto_original": "http://sapl.arinos.mg.leg.br/media/./sapl/public/materialegislativa/2017/312/312_texto_integral.pdf", "ementa": "FIXA OS CRIT\u00c9RIOS DE INDENIZA\u00c7\u00c3O DE DESPESAS DE VIAGEM DOS MEMBROS DA MESA DIRETORA DA C\u00c2MARA MUNICIPAL E DOS VEREADORES. "}, {"id": "315", "ano": "2017", "numero": "27", "tipo__sigla": "PLO", "tipo__descricao": "Projeto de Lei Ordin\u00e1ria", "autoria": "Carlos Alberto Recch Filho", "texto_original": "http://sapl.arinos.mg.leg.br/media/./sapl/public/materialegislativa/2017/315/315_texto_integral.pdf", "ementa": "DISP\u00d5E SOBRE A ALTERA\u00c7\u00c3O DO DEMONSTRATIVO VII, DA LEI MUNICIPAL N\u00b0 1505 DE 20 DE JUNHO DE 2017 E D\u00c1 OUTRAS PROVID\u00caNCIAS."}, {"id": "314", "ano": "2017", "numero": "28", "tipo__sigla": "PLO", "tipo__descricao": "Projeto de Lei Ordin\u00e1ria", "autoria": "Carlos Alberto Recch Filho", "texto_original": "http://sapl.arinos.mg.leg.br/media/./sapl/public/materialegislativa/2017/314/314_texto_integral.pdf", "ementa": "DISP\u00d5E SOBRE ALTERA\u00c7\u00d5ES DOS ARTS. 4\u00ba, 5\u00ba,11,14,16,17, ANEXOS I,II E III E SUPRESS\u00c3O DO ART. 18 DA LEI MUNICIPAL N\u00ba.1.374/2012, QUE DISP\u00d5E  SOBRE VIAGEM A SERVI\u00c7O E CONCESS\u00c3O DE DI\u00c1RIA A SERVIDOR DOS \u00d3RG\u00c3OS E ENTIDADES DA ADMINISTRA\u00c7\u00c3O DIRETA E AUTARQUIAS DO PODER EXECUTIVO MUNICIPAL, INSTITUI A PRESTA\u00c7\u00c3O DE CONTAS DE DI\u00c1RIAS DO MUNIC\u00cdPIO DE ARINOS &#8211; MG E D\u00c1 OUTRAS PROVID\u00caNCIAS."}, {"id": "316", "ano": "2017", "numero": "29", "tipo__sigla": "PLO", "tipo__descricao": "Projeto de Lei Ordin\u00e1ria", "autoria": "Carlos Alberto Recch Filho", "texto_original": "http://sapl.arinos.mg.leg.br/media/./sapl/public/materialegislativa/2017/316/316_texto_integral.pdf", "ementa": "CONCEDE ANISTIA SOBRE D\u00c9BITOS TRIBUT\u00c1RIOS, MULTAS E JUROS ATINENTES DE D\u00cdVIDA ATIVA DE IMPOSTO PREDIAL TERRITORIAL URBANO - IPTU, INSCRITOS AT\u00c9 31 DE DEZEMBRO DE 2017 E D\u00c1 OUTRAS PROVID\u00caNCIAS."}, {"id": "288", "ano": "2017", "numero": "1", "tipo__sigla": "PRE", "tipo__descricao": "Projeto de Resolu\u00e7\u00e3o", "autoria": "Alberto Muniz", "texto_original": "http://sapl.arinos.mg.leg.br/media/./sapl/public/materialegislativa/2017/288/288_texto_integral.pdf", "ementa": "CONCEDE O T\u00cdTULO D CIDADANIA HONOR\u00c1RIA DE ARINOS AO SENHOR PAULO GUEDES E D\u00c1 OUTRAS PROVID\u00caNCIAS."}, {"id": "289", "ano": "2017", "numero": "2", "tipo__sigla": "PRE", "tipo__descricao": "Projeto de Resolu\u00e7\u00e3o", "autoria": "F\u00e1bio Valadares", "texto_original": "http://sapl.arinos.mg.leg.br/media/./sapl/public/materialegislativa/2017/289/289_texto_integral.pdf", "ementa": "CONCEDE DIPLOMA DE HONRA AO M\u00c9RITO AO SENHOR ISM\u00c3 BATISTA OLIVEIRA E D\u00c1 OUTRAS PROVID\u00caNCIAS."}, {"id": "299", "ano": "2017", "numero": "3", "tipo__sigla": "PRE", "tipo__descricao": "Projeto de Resolu\u00e7\u00e3o", "autoria": "Edmilson do Crispim Santana, Fabio Valadares, J\u00fanior Valadares, William Professor", "texto_original": "http://sapl.arinos.mg.leg.br/media/./sapl/public/materialegislativa/2017/299/299_texto_integral.pdf", "ementa": "CONT\u00c9M O REGIMENTO INTERNO DA C\u00c2MARA MUNICIPAL DE ARINOS (MG)."}, {"id": "281", "ano": "2017", "numero": "1", "tipo__sigla": "PELO", "tipo__descricao": "Proposta de Emenda \u00e0 Lei Org\u00e2nica", "autoria": "Fabio Valadares, Edmilson do Crispim Santana, J\u00fanior Valadares, William Professor", "texto_original": "http://sapl.arinos.mg.leg.br/media/./sapl/public/materialegislativa/2017/281/281_texto_integral.pdf", "ementa": "ALTERA O \u00a7 7\u00ba DO ARTIGO 23 DA LEI ORG\u00c2NICA."}, {"id": "300", "ano": "2017", "numero": "2", "tipo__sigla": "PELO", "tipo__descricao": "Proposta de Emenda \u00e0 Lei Org\u00e2nica", "autoria": "Edmilson do Crispim Santana, Fabio Valadares, J\u00fanior Valadares, William Professor", "texto_original": "http://sapl.arinos.mg.leg.br/media/./sapl/public/materialegislativa/2017/300/300_texto_integral.pdf", "ementa": "D\u00c1 NOVA REDA\u00c7\u00c3O \u00c0 LEI ORG\u00c2NICA MUNICIPAL."}]}