{"headers": {"id": "ID", "ano": "Ano", "numero": "N\u00famero", "tipo__sigla": "Tipo de Mat\u00e9ria Legislativa/Sigla", "tipo__descricao": "Tipo de Mat\u00e9ria Legislativa/Descri\u00e7\u00e3o", "autoria": "Autorias", "texto_original": "Texto Original", "ementa": "Ementa"}, "results": [{"id": "491", "ano": "2022", "numero": "1", "tipo__sigla": "MSG", "tipo__descricao": "Mensagem de Veto", "autoria": "Marc\u00edlio Alisson Fonseca de Almeida", "texto_original": "http://sapl.arinos.mg.leg.br/media/sapl/public/materialegislativa/2022/491/veto_plo_01.pdf", "ementa": "VETO AO PROJETO DE LEI N\u00b0 01/2022."}, {"id": "494", "ano": "2022", "numero": "1", "tipo__sigla": "PC", "tipo__descricao": "Presta\u00e7\u00e3o de Contas ", "autoria": "Tribunal de contas", "texto_original": "http://sapl.arinos.mg.leg.br/media/sapl/public/materialegislativa/2022/494/prestacao_2020.pdf", "ementa": "PRESTA\u00c7\u00c3O DE CONTAS DO EXECUTIVO MUNICIPAL EXERC\u00cdCIO DE 2020."}, {"id": "622", "ano": "2022", "numero": "1", "tipo__sigla": "PDL", "tipo__descricao": "Projeto de Decreto Legislativo", "autoria": "", "texto_original": "http://sapl.arinos.mg.leg.br/media/sapl/public/materialegislativa/2022/622/parecer_66_22.pdf", "ementa": "Aprova as contas do Prefeito de Arinos, referentes ao exerc\u00edcio de 2020, nos termos do parecer pr\u00e9vio do Tribunal de Contas do Estado de Minas Gerais."}, {"id": "473", "ano": "2022", "numero": "1", "tipo__sigla": "PLO", "tipo__descricao": "Projeto de Lei Ordin\u00e1ria", "autoria": "Marc\u00edlio Alisson Fonseca de Almeida", "texto_original": "http://sapl.arinos.mg.leg.br/media/sapl/public/materialegislativa/2022/473/projeto_de_lei_01.pdf", "ementa": "Disp\u00f5e sobre a cria\u00e7\u00e3o de cargos emergenciais para integrarem equipes de enfrentamento ao Coronav\u00edrus COVID-19, surtos respirat\u00f3rios e eventuais crises emergenciais na \u00e1rea da sa\u00fade e d\u00e1 outras provid\u00eancias."}, {"id": "474", "ano": "2022", "numero": "2", "tipo__sigla": "PLO", "tipo__descricao": "Projeto de Lei Ordin\u00e1ria", "autoria": "Mesa Diretora", "texto_original": "http://sapl.arinos.mg.leg.br/media/sapl/public/materialegislativa/2022/474/projeto_de_lei_02.pdf", "ementa": "Revisa o subs\u00eddio dos agentes pol\u00edticos do Munic\u00edpio de Arinos."}, {"id": "475", "ano": "2022", "numero": "3", "tipo__sigla": "PLO", "tipo__descricao": "Projeto de Lei Ordin\u00e1ria", "autoria": "Mesa Diretora", "texto_original": "http://sapl.arinos.mg.leg.br/media/sapl/public/materialegislativa/2022/475/projeto_de_lei_03.pdf", "ementa": "Revisa a remunera\u00e7\u00e3o dos servidores da C\u00e2mara Municipal de Arinos e d\u00e1 outras provid\u00eancias."}, {"id": "486", "ano": "2022", "numero": "4", "tipo__sigla": "PLO", "tipo__descricao": "Projeto de Lei Ordin\u00e1ria", "autoria": "Cleuber Michirra", "texto_original": "http://sapl.arinos.mg.leg.br/media/sapl/public/materialegislativa/2022/486/projeto_de_lei_04.pdf", "ementa": "Concede o T\u00edtulo de Cidadania Honor\u00e1ria Arinense ao Senhor Marcos Aur\u00e9lio Madureira da Silva."}, {"id": "476", "ano": "2022", "numero": "5", "tipo__sigla": "PLO", "tipo__descricao": "Projeto de Lei Ordin\u00e1ria", "autoria": "Marc\u00edlio Alisson Fonseca de Almeida", "texto_original": "http://sapl.arinos.mg.leg.br/media/sapl/public/materialegislativa/2022/476/projeto_de_lei_05.pdf", "ementa": "Autoriza o Chefe do Poder Executivo Municipal a transferir, por doa\u00e7\u00e3o, o terreno urbano que espec\u00edfica ao Estado de Minas Gerais, para Amplia\u00e7\u00e3o do F\u00f3rum Coronel Manoel Jos\u00e9 de Almeida, e d\u00e1 outras provid\u00eancias."}, {"id": "478", "ano": "2022", "numero": "6", "tipo__sigla": "PLO", "tipo__descricao": "Projeto de Lei Ordin\u00e1ria", "autoria": "GILMAR VENDEDOR", "texto_original": "http://sapl.arinos.mg.leg.br/media/sapl/public/materialegislativa/2022/478/projeto_de_lei_06.pdf", "ementa": "Institui o Hino Oficial do Munic\u00edpio de Arinos MG."}, {"id": "477", "ano": "2022", "numero": "7", "tipo__sigla": "PLO", "tipo__descricao": "Projeto de Lei Ordin\u00e1ria", "autoria": "Marc\u00edlio Alisson Fonseca de Almeida", "texto_original": "http://sapl.arinos.mg.leg.br/media/sapl/public/materialegislativa/2022/477/projeto_de_lei_07.pdf", "ementa": "Concede revis\u00e3o geral anual dos vencimentos dos servidores p\u00fablicos do Poder Executivo Municipal - Administra\u00e7\u00e3o Direta e Indireta e d\u00e1 outras provid\u00eancias."}, {"id": "479", "ano": "2022", "numero": "8", "tipo__sigla": "PLO", "tipo__descricao": "Projeto de Lei Ordin\u00e1ria", "autoria": "GILMAR VENDEDOR", "texto_original": "http://sapl.arinos.mg.leg.br/media/sapl/public/materialegislativa/2022/479/projeto_de_lei_08.pdf", "ementa": "Altera a denomina\u00e7\u00e3o da rua que menciona para Rua Pretinho do T\u00e1xi."}, {"id": "485", "ano": "2022", "numero": "9", "tipo__sigla": "PLO", "tipo__descricao": "Projeto de Lei Ordin\u00e1ria", "autoria": "", "texto_original": "http://sapl.arinos.mg.leg.br/media/sapl/public/materialegislativa/2022/485/projeto_de_lei_09.pdf", "ementa": "CRIA O PROGRAMA SOCIAL BOLSA APRENDIZAGEM PROFISSIONAL E D\u00c1 OUTRAS PROVID\u00caNCIAS."}, {"id": "480", "ano": "2022", "numero": "10", "tipo__sigla": "PLO", "tipo__descricao": "Projeto de Lei Ordin\u00e1ria", "autoria": "Marc\u00edlio Alisson Fonseca de Almeida", "texto_original": "http://sapl.arinos.mg.leg.br/media/sapl/public/materialegislativa/2022/480/projeto_de_lei_10_-_ldo.pdf", "ementa": "Disp\u00f5e sobre as diretrizes para a elabora\u00e7\u00e3o da Lei Or\u00e7ament\u00e1ria de 2023 e d\u00e1 outras provid\u00eancias."}, {"id": "481", "ano": "2022", "numero": "11", "tipo__sigla": "PLO", "tipo__descricao": "Projeto de Lei Ordin\u00e1ria", "autoria": "DONIZETE CALDEIRA", "texto_original": "http://sapl.arinos.mg.leg.br/media/sapl/public/materialegislativa/2022/481/projeto_de_lei_11.pdf", "ementa": "Disp\u00f5e sobre a obrigatoriedade de expedi\u00e7\u00e3o de receitu\u00e1rios m\u00e9dicos e odontol\u00f3gicos digitados em computador."}, {"id": "482", "ano": "2022", "numero": "12", "tipo__sigla": "PLO", "tipo__descricao": "Projeto de Lei Ordin\u00e1ria", "autoria": "Marc\u00edlio Alisson Fonseca de Almeida", "texto_original": "http://sapl.arinos.mg.leg.br/media/sapl/public/materialegislativa/2022/482/projeto_de_lei_12_bdmg.pdf", "ementa": "Autoriza o Munic\u00edpio de Arinos-MG a contratar com o Banco de Desenvolvimento de Minas Gerais S/A \u2013 BDMG, Opera\u00e7\u00f5es de Cr\u00e9dito com Outorga de Garantia e d\u00e1 outras provid\u00eancias."}, {"id": "483", "ano": "2022", "numero": "13", "tipo__sigla": "PLO", "tipo__descricao": "Projeto de Lei Ordin\u00e1ria", "autoria": "Marc\u00edlio Alisson Fonseca de Almeida", "texto_original": "http://sapl.arinos.mg.leg.br/media/sapl/public/materialegislativa/2022/483/projeto_de_lei_13.pdf", "ementa": "Disp\u00f5e sobre o pagamento de d\u00e9bitos ou obriga\u00e7\u00f5es do Munic\u00edpio de Arinos/MG, nos termos do art. 100, \u00a7\u00a7 3\u00ba, e 4\u00ba, da Constitui\u00e7\u00e3o Federal, decorrentes de decis\u00f5es judiciais, considerados de pequeno valor (RPV)."}, {"id": "484", "ano": "2022", "numero": "14", "tipo__sigla": "PLO", "tipo__descricao": "Projeto de Lei Ordin\u00e1ria", "autoria": "VALDO TORA", "texto_original": "http://sapl.arinos.mg.leg.br/media/sapl/public/materialegislativa/2022/484/projeto_de_lei_14.pdf", "ementa": "RECONHECE DE UTILIDADE P\u00daBLICA A ASSOCIA\u00c7\u00c3O COMUNIT\u00c1RIA TEODORO  FERREIRA."}, {"id": "487", "ano": "2022", "numero": "15", "tipo__sigla": "PLO", "tipo__descricao": "Projeto de Lei Ordin\u00e1ria", "autoria": "VALDO TORA", "texto_original": "http://sapl.arinos.mg.leg.br/media/sapl/public/materialegislativa/2022/487/plo_15.pdf", "ementa": "DISP\u00d5E SOBRE ABERTURA DE CR\u00c9DITO ESPECIAL E D\u00c1 OUTRAS PROVID\u00caNCIAS."}, {"id": "492", "ano": "2022", "numero": "16", "tipo__sigla": "PLO", "tipo__descricao": "Projeto de Lei Ordin\u00e1ria", "autoria": "Netim Ornelas", "texto_original": "http://sapl.arinos.mg.leg.br/media/sapl/public/materialegislativa/2022/492/plo_16.pdf", "ementa": "D\u00c1 DENOMINA\u00c7\u00c3O \u00c0 MATERNIDADE DO HOSPITAL MUNICIPAL NOSSA SENHORA APARECIDA."}, {"id": "488", "ano": "2022", "numero": "17", "tipo__sigla": "PLO", "tipo__descricao": "Projeto de Lei Ordin\u00e1ria", "autoria": "Marc\u00edlio Alisson Fonseca de Almeida", "texto_original": "http://sapl.arinos.mg.leg.br/media/sapl/public/materialegislativa/2022/488/plo_17.pdf", "ementa": "DISCIPLINA A PARTICIPA\u00c7\u00c3O DO MUNIC\u00cdPIO DE ARINOS-MG NO CONS\u00d3RCIO INTERMUNICIPAL DE DESENVOLVIMENTO E FOMENTO DAS BACIAS DO RIO JEQUINTINHONHA, RIO PARDO, RIO MUCURI E ADJAC\u00caNCIAS - CID-RIOS, NOS TERMOS DA LEI FEDERAL N\u00b0 11.107/2005."}, {"id": "489", "ano": "2022", "numero": "18", "tipo__sigla": "PLO", "tipo__descricao": "Projeto de Lei Ordin\u00e1ria", "autoria": "Marc\u00edlio Alisson Fonseca de Almeida", "texto_original": "http://sapl.arinos.mg.leg.br/media/sapl/public/materialegislativa/2022/489/plo_18.pdf", "ementa": "DISP\u00d5E SOBRE ABERTURA DE CR\u00c9DITO ESPECIAL E D\u00c1 OUTRAS PROVID\u00caNCIAS."}, {"id": "490", "ano": "2022", "numero": "19", "tipo__sigla": "PLO", "tipo__descricao": "Projeto de Lei Ordin\u00e1ria", "autoria": "Marc\u00edlio Alisson Fonseca de Almeida", "texto_original": "http://sapl.arinos.mg.leg.br/media/sapl/public/materialegislativa/2022/490/plo_19.pdf", "ementa": "AUTORIZA O MUNIC\u00cdPIO DE ARINOS-MG A CELEBRAR CONTRATO DE PATROC\u00cdNIO E APOIAR O SINDICATO DOS PRODUTORES RURAIS DE ARINOS NA REALIZA\u00c7\u00c3O DA EXPOSI\u00c7\u00c3O AGROPECU\u00c1RIA DO ANO DE 2022 E D\u00c1 OUTRAS PROVID\u00caNCIAS."}, {"id": "493", "ano": "2022", "numero": "20", "tipo__sigla": "PLO", "tipo__descricao": "Projeto de Lei Ordin\u00e1ria", "autoria": "DONIZETE CALDEIRA", "texto_original": "http://sapl.arinos.mg.leg.br/media/sapl/public/materialegislativa/2022/493/plo_20.pdf", "ementa": "RECONHECE DE UTILIDADE P\u00daBLICA A CENTRAL VEREDAS."}, {"id": "495", "ano": "2022", "numero": "21", "tipo__sigla": "PLO", "tipo__descricao": "Projeto de Lei Ordin\u00e1ria", "autoria": "Marc\u00edlio Alisson Fonseca de Almeida", "texto_original": "http://sapl.arinos.mg.leg.br/media/sapl/public/materialegislativa/2022/495/plo_21.pdf", "ementa": "RATIFICA ALTERA\u00c7\u00d5ES NO PROTOCOLO DE INTEN\u00c7\u00d5ES E CONTRATO DO CONS\u00d3RCIO DE SA\u00daDE E DESENVOLVIMENTO DOS VALES DO NOROESTE DE MINAS - CONVALES E D\u00c1 OUTRAS POVID\u00caNCIAS."}, {"id": "496", "ano": "2022", "numero": "22", "tipo__sigla": "PLO", "tipo__descricao": "Projeto de Lei Ordin\u00e1ria", "autoria": "Marc\u00edlio Alisson Fonseca de Almeida", "texto_original": "http://sapl.arinos.mg.leg.br/media/sapl/public/materialegislativa/2022/496/plo_22000.pdf", "ementa": "AUTORIZA O PODER EXECUTIVO MUNICIPAL A REALIZAR OBRAS NA LOJA MA\u00c7\u00d4NICA AC\u00c1CIA ARINENSE E D\u00c1 OUTRAS PROVID\u00caNCIAS."}, {"id": "497", "ano": "2022", "numero": "23", "tipo__sigla": "PLO", "tipo__descricao": "Projeto de Lei Ordin\u00e1ria", "autoria": "GILMAR VENDEDOR", "texto_original": "http://sapl.arinos.mg.leg.br/media/sapl/public/materialegislativa/2022/497/plo_23.pdf", "ementa": "INSTITUI O DIA MUNICIPAL DO COLECIONADOR, ATIRADOR DESPORTIVO E CA\u00c7ADOR - CAC - E D\u00c1 OUTRA PROVID\u00caNCIA."}, {"id": "498", "ano": "2022", "numero": "24", "tipo__sigla": "PLO", "tipo__descricao": "Projeto de Lei Ordin\u00e1ria", "autoria": "Marc\u00edlio Alisson Fonseca de Almeida", "texto_original": "http://sapl.arinos.mg.leg.br/media/sapl/public/materialegislativa/2022/498/plo_24000.pdf", "ementa": "AUTORIZA O MUN\u00cdCIPIO DE ARINOS A DAR IM\u00d3VEIS DE SUA PROPRIEDADE EM PAGAMENTO PELA DESAPROPRIA\u00c7\u00c3O DOS IM\u00d3VEIS DECLARADOS DE UTILIDADE P\u00daBLICA PELO DECRETO N\u00b0 1551, DE 02 DE ABRIL DE 2013, E D\u00c1 OUTRAS PROVID\u00caNCIAS."}, {"id": "499", "ano": "2022", "numero": "25", "tipo__sigla": "PLO", "tipo__descricao": "Projeto de Lei Ordin\u00e1ria", "autoria": "Marc\u00edlio Alisson Fonseca de Almeida", "texto_original": "http://sapl.arinos.mg.leg.br/media/sapl/public/materialegislativa/2022/499/plo_25000.pdf", "ementa": "DISP\u00d5E SOBRE A APROVA\u00c7\u00c3O DO LOTEAMENTO DENOMINADO VILA DOS IP\u00caS NA FORMA E CONDI\u00c7\u00d5ES QUE ESPECIFICA E D\u00c1 OUTRAS PROVID\u00caNCIAS."}, {"id": "500", "ano": "2022", "numero": "26", "tipo__sigla": "PLO", "tipo__descricao": "Projeto de Lei Ordin\u00e1ria", "autoria": "GILMAR VENDEDOR", "texto_original": "http://sapl.arinos.mg.leg.br/media/sapl/public/materialegislativa/2022/500/plo_26000.pdf", "ementa": "TRATA DE SINALIZA\u00c7\u00c3O E DISPOSI\u00c7\u00c3O DE CA\u00c7AMBA ESTACION\u00c1RIA PARA COLETA, TRANSPORTE E ARMAZENAMENTO DE ENTULHO E MATERIAIS DE CONSTRU\u00c7\u00c3O CIVIL NO MUNIC\u00cdPIO DE ARINOS E D\u00c1 OUTRAS PROVID\u00caNCIAS."}, {"id": "501", "ano": "2022", "numero": "27", "tipo__sigla": "PLO", "tipo__descricao": "Projeto de Lei Ordin\u00e1ria", "autoria": "Marc\u00edlio Alisson Fonseca de Almeida", "texto_original": "http://sapl.arinos.mg.leg.br/media/sapl/public/materialegislativa/2022/501/plo_27002.pdf", "ementa": "DISP\u00d5E SOBRE A CRIA\u00c7\u00c3O DE CARGOS DE ENFERMEIROS OBSTETRAS PARA A FUNDA\u00c7\u00c3O MUNICIPAL DE SA\u00daDE MUNICIPAL, EM CAR\u00c1TER TEMPOR\u00c1RIO, POR MEIO DE RECURSOS DO PROGRAMA VALORA MINAS E D\u00c1 OUTRAS PROVID\u00caNCIAS."}, {"id": "509", "ano": "2022", "numero": "28", "tipo__sigla": "PLO", "tipo__descricao": "Projeto de Lei Ordin\u00e1ria", "autoria": "Marc\u00edlio Alisson Fonseca de Almeida", "texto_original": "http://sapl.arinos.mg.leg.br/media/sapl/public/materialegislativa/2022/509/plo_28_2022.pdf", "ementa": "ALTERA ANEXOS DA LEI N\u00b0 1637, DE 20 DE DEZEMBRO DE 2021, QUE DISP\u00d5E SOBRE O PLANO PLURIANUAL DE A\u00c7\u00d5ES PARA O QUADRI\u00caNIO 2022-2025 E D\u00c1 OUTRAS PROVID\u00caNCIAS."}, {"id": "510", "ano": "2022", "numero": "29", "tipo__sigla": "PLO", "tipo__descricao": "Projeto de Lei Ordin\u00e1ria", "autoria": "Marc\u00edlio Alisson Fonseca de Almeida", "texto_original": "http://sapl.arinos.mg.leg.br/media/sapl/public/materialegislativa/2022/510/plo_29_2022.pdf", "ementa": "ESTIMA A RECEITA E FIXA A DESPESA DO MUNIC\u00cdPIO DE ARINOS PARA O EXERC\u00cdCIO FINANCEIRO DE 2023 E D\u00c1 OUTRAS PROVID\u00caNCIAS."}, {"id": "502", "ano": "2022", "numero": "30", "tipo__sigla": "PLO", "tipo__descricao": "Projeto de Lei Ordin\u00e1ria", "autoria": "Jean do Crispim Santana", "texto_original": "http://sapl.arinos.mg.leg.br/media/sapl/public/materialegislativa/2022/502/plo_30000.pdf", "ementa": "INSTITUI O DIA MUNICIPAL DO CAT\u00d3LICO."}, {"id": "503", "ano": "2022", "numero": "31", "tipo__sigla": "PLO", "tipo__descricao": "Projeto de Lei Ordin\u00e1ria", "autoria": "GILMAR VENDEDOR", "texto_original": "http://sapl.arinos.mg.leg.br/media/sapl/public/materialegislativa/2022/503/plo_31000.pdf", "ementa": "DECLARA DE INTERESSE COMUM E DE PRESERVA\u00c7\u00c3O PERMANENTE A ESP\u00c9CIE DO BARUZEIRO (DIPTERYX ALATA VOGEL) NO MUNIC\u00cdPIO DE ARINOS."}, {"id": "504", "ano": "2022", "numero": "32", "tipo__sigla": "PLO", "tipo__descricao": "Projeto de Lei Ordin\u00e1ria", "autoria": "Marc\u00edlio Alisson Fonseca de Almeida", "texto_original": "http://sapl.arinos.mg.leg.br/media/sapl/public/materialegislativa/2022/504/plo_32000.pdf", "ementa": "AUTORIZA A CONCESS\u00c3O DE SUBVEN\u00c7\u00d5ES E D\u00c1 OUTRAS PROVID\u00caNCIAS."}, {"id": "506", "ano": "2022", "numero": "33", "tipo__sigla": "PLO", "tipo__descricao": "Projeto de Lei Ordin\u00e1ria", "autoria": "Netim Ornelas", "texto_original": "http://sapl.arinos.mg.leg.br/media/sapl/public/materialegislativa/2022/506/plo_33_2022.pdf", "ementa": "ALTERA A LEI N\u00b0 1542, DE 03 DE JANEIRO DE 2019, QUE \"AUTORIZA O PODER EXECUTIVO MUNICIPAL A CUSTEAR AS DESPESAS DE EMPLACAMENTOS DE VE\u00cdCULOS PARTICULARES NO MUNIC\u00cdPIO\" E D\u00c1 OUTRAS PROVID\u00caNCIAS."}, {"id": "508", "ano": "2022", "numero": "34", "tipo__sigla": "PLO", "tipo__descricao": "Projeto de Lei Ordin\u00e1ria", "autoria": "Marc\u00edlio Alisson Fonseca de Almeida", "texto_original": "http://sapl.arinos.mg.leg.br/media/sapl/public/materialegislativa/2022/508/plo_34_2022.pdf", "ementa": "ALTERA A LEI N\u00b0 1639, DE 20 DE DEZEMBRO DE 2021, QUE AUTORIZA A CONCESS\u00c3O DE SUBVEN\u00c7\u00d5ES E D\u00c1 OUTRAS PROVID\u00caNCIAS."}, {"id": "507", "ano": "2022", "numero": "35", "tipo__sigla": "PLO", "tipo__descricao": "Projeto de Lei Ordin\u00e1ria", "autoria": "VALDO TORA", "texto_original": "http://sapl.arinos.mg.leg.br/media/sapl/public/materialegislativa/2022/507/plo_35_2022.pdf", "ementa": "INSTITUI O DIA MUNICIPAL DO CICLISTA."}, {"id": "512", "ano": "2022", "numero": "36", "tipo__sigla": "PLO", "tipo__descricao": "Projeto de Lei Ordin\u00e1ria", "autoria": "GILMAR VENDEDOR", "texto_original": "http://sapl.arinos.mg.leg.br/media/sapl/public/materialegislativa/2022/512/pli_36.pdf", "ementa": "ALTERA A LEI N\u00b0 1648, DE 04 DE MAIO DE 2022, QUE \"ALTERA A DENOMINA\u00c7\u00c3O DA RUA QUE MENCIONA PARA RUA PRETINHO DO T\u00c1XI\"."}, {"id": "505", "ano": "2022", "numero": "1", "tipo__sigla": "PRE", "tipo__descricao": "Projeto de Resolu\u00e7\u00e3o", "autoria": "Mesa Diretora", "texto_original": "http://sapl.arinos.mg.leg.br/media/sapl/public/materialegislativa/2022/505/projeto_de_resolucao_01.pdf", "ementa": "Altera a Resolu\u00e7\u00e3o n\u00ba 129, de 15 de setembro de 2017, que \u201ccont\u00e9m o Regimento Interno da C\u00e2mara Municipal de Arinos (MG)\u201d."}, {"id": "511", "ano": "2022", "numero": "1", "tipo__sigla": "PELO", "tipo__descricao": "Proposta de Emenda \u00e0 Lei Org\u00e2nica", "autoria": "DONIZETE CALDEIRA", "texto_original": "http://sapl.arinos.mg.leg.br/media/sapl/public/materialegislativa/2022/511/prposta.pdf", "ementa": "ALTERA O ART. 19  DA LEI ORG\u00c2NICA, PARA AUMENTAR O N\u00daMERO DE VEREADORES \u00c0 C\u00c2MARA MUNICIPAL DE ARINOS-MG."}]}