{"headers": {"id": "ID", "ano": "Ano", "numero": "N\u00famero", "tipo__sigla": "Tipo de Mat\u00e9ria Legislativa/Sigla", "tipo__descricao": "Tipo de Mat\u00e9ria Legislativa/Descri\u00e7\u00e3o", "autoria": "Autorias", "texto_original": "Texto Original", "ementa": "Ementa"}, "results": [{"id": "553", "ano": "2023", "numero": "1", "tipo__sigla": "MSG", "tipo__descricao": "Mensagem de Veto", "autoria": "Marc\u00edlio Alisson Fonseca de Almeida", "texto_original": "http://sapl.arinos.mg.leg.br/media/sapl/public/materialegislativa/2023/553/veto.pdf", "ementa": "VETO TOTAL AO PROJETO DE LEI N\u00b0 34/2023."}, {"id": "623", "ano": "2023", "numero": "1", "tipo__sigla": "PC", "tipo__descricao": "Presta\u00e7\u00e3o de Contas ", "autoria": "", "texto_original": "http://sapl.arinos.mg.leg.br/media/sapl/public/materialegislativa/2023/623/prestacao_de_contas_2019.pdf", "ementa": "PRESTA\u00c7\u00c3O DE CONTAS DO EXECUTIVO MUNICIPAL EXERC\u00cdCIO DE 2019."}, {"id": "567", "ano": "2023", "numero": "1", "tipo__sigla": "PDL", "tipo__descricao": "Projeto de Decreto Legislativo", "autoria": "Mesa Diretora", "texto_original": "http://sapl.arinos.mg.leg.br/media/sapl/public/materialegislativa/2023/567/projeto_dec_leg_01.pdf", "ementa": "ALTERA OS \u00a7\u00a74\u00b0 E 5\u00b0 DO ART. 2\u00b0 DO DECRETO LEGISLATIVO N\u00b0 32, DE 28 DE DEZEMBRO DE 2017, QUE \"DISP\u00d5E SOBRE A CONCES\u00c3O DE DI\u00c1RIAS E A AQUISI\u00c7\u00c3O DE PASSAGENS PARA OS SERVIDORES DA C\u00c2MARA MUNICIPAL DE ARINOS E D\u00c1 OUTRAS PROVID\u00caNCIAS."}, {"id": "513", "ano": "2023", "numero": "1", "tipo__sigla": "PLO", "tipo__descricao": "Projeto de Lei Ordin\u00e1ria", "autoria": "Marc\u00edlio Alisson Fonseca de Almeida", "texto_original": "http://sapl.arinos.mg.leg.br/media/sapl/public/materialegislativa/2023/513/projeto_de_lei_01.pdf", "ementa": "Autoriza o Poder Executivo Municipal a Realizar Transfer\u00eancia Financeira para Reestrutura\u00e7\u00e3o e Implanta\u00e7\u00e3o de Energia Solar no Abrigo Frei Pio e d\u00e1 Outras Provid\u00eancias."}, {"id": "514", "ano": "2023", "numero": "2", "tipo__sigla": "PLO", "tipo__descricao": "Projeto de Lei Ordin\u00e1ria", "autoria": "Marc\u00edlio Alisson Fonseca de Almeida", "texto_original": "http://sapl.arinos.mg.leg.br/media/sapl/public/materialegislativa/2023/514/projeto_de_lei_02.pdf", "ementa": "Disp\u00f5e sobre a implanta\u00e7\u00e3o do piso salarial dos Agentes Comunit\u00e1rios de Sa\u00fade e dos Agentes de Combate \u00e0s Endemias, conforme Emenda Constitucional n\u00ba 120/2022, e d\u00e1 outras provid\u00eancias."}, {"id": "515", "ano": "2023", "numero": "3", "tipo__sigla": "PLO", "tipo__descricao": "Projeto de Lei Ordin\u00e1ria", "autoria": "Marc\u00edlio Alisson Fonseca de Almeida", "texto_original": "http://sapl.arinos.mg.leg.br/media/sapl/public/materialegislativa/2023/515/projeto_de_lei_03.pdf", "ementa": "Altera dispositivos da Lei Municipal n\u00ba 1652/2022, que disp\u00f5e sobre o pagamento de d\u00e9bitos ou obriga\u00e7\u00f5es do Munic\u00edpio de Arinos/MG, nos termos do art. 100, \u00a7\u00a7 3\u00ba e 4\u00ba, da Constitui\u00e7\u00e3o Federal, decorrentes de decis\u00f5es judiciais, consideradas de pequeno valor (RPV)."}, {"id": "516", "ano": "2023", "numero": "4", "tipo__sigla": "PLO", "tipo__descricao": "Projeto de Lei Ordin\u00e1ria", "autoria": "GILMAR VENDEDOR", "texto_original": "http://sapl.arinos.mg.leg.br/media/sapl/public/materialegislativa/2023/516/projeto_de_lei_04.pdf", "ementa": "Reconhece de utilidade p\u00fablica a Loja Ma\u00e7\u00f4nica Ac\u00e1cia Arinense n\u00ba 2853."}, {"id": "517", "ano": "2023", "numero": "5", "tipo__sigla": "PLO", "tipo__descricao": "Projeto de Lei Ordin\u00e1ria", "autoria": "Jean do Crispim Santana", "texto_original": "http://sapl.arinos.mg.leg.br/media/sapl/public/materialegislativa/2023/517/projeto_de_lei_05.pdf", "ementa": "Institui o Dia Municipal da Cavalgada."}, {"id": "518", "ano": "2023", "numero": "6", "tipo__sigla": "PLO", "tipo__descricao": "Projeto de Lei Ordin\u00e1ria", "autoria": "Mesa Diretora", "texto_original": "http://sapl.arinos.mg.leg.br/media/sapl/public/materialegislativa/2023/518/plo_6_2023.pdf", "ementa": "REVISA O SUBS\u00cdDIO DO PREFEITO, DO VICE-PREFEITO E DOS SECRET\u00c1RIOS MUNICIPAIS DE ARINOS."}, {"id": "519", "ano": "2023", "numero": "7", "tipo__sigla": "PLO", "tipo__descricao": "Projeto de Lei Ordin\u00e1ria", "autoria": "Mesa Diretora", "texto_original": "http://sapl.arinos.mg.leg.br/media/sapl/public/materialegislativa/2023/519/plo_7_2023.pdf", "ementa": "REVISA O SUBS\u00cdDIO DOS VEREADORES DA C\u00c2MARA MUNICIPAL DE ARINOS"}, {"id": "520", "ano": "2023", "numero": "8", "tipo__sigla": "PLO", "tipo__descricao": "Projeto de Lei Ordin\u00e1ria", "autoria": "Mesa Diretora", "texto_original": "http://sapl.arinos.mg.leg.br/media/sapl/public/materialegislativa/2023/520/plo_8_2023.pdf", "ementa": "REVISA A REMUNERA\u00c7\u00c3O DOS SERVIDORES DA C\u00c2MARA MUNICIPAL DE ARINOS E D\u00c1 OUTRAS PROVID\u00caNCIAS."}, {"id": "522", "ano": "2023", "numero": "9", "tipo__sigla": "PLO", "tipo__descricao": "Projeto de Lei Ordin\u00e1ria", "autoria": "D\u00c3O SANTANA", "texto_original": "http://sapl.arinos.mg.leg.br/media/sapl/public/materialegislativa/2023/522/plo_9_2023.pdf", "ementa": "GARANTE PRIORIDADE NO ATENDIMENTO AOS PORTADORES DE DIABETES TIPO 1 E 2 NO SERVI\u00c7O DE COLETA DE MATERIAL BIOL\u00d3GICO PARA A REALIZA\u00c7\u00c3O DE EXAMES QUE MENCIONA EM TODOS OS ESTABELECIMENTOS QUE ESPECIFICA."}, {"id": "526", "ano": "2023", "numero": "10", "tipo__sigla": "PLO", "tipo__descricao": "Projeto de Lei Ordin\u00e1ria", "autoria": "VALDO TORA", "texto_original": "http://sapl.arinos.mg.leg.br/media/sapl/public/materialegislativa/2023/526/projeto_de_lei_10.pdf", "ementa": "ALTERA O ART. 3\u00b0 DA LEI N\u00b0 725, DE 14 DE NOVEMBRO DE 1997, QUE \"REGULAMENTA O RECONHECIMENTO DE UTILIDADE P\u00daBLICA E D\u00c1 OUTRAS PROVID\u00caNCIAS\"."}, {"id": "527", "ano": "2023", "numero": "11", "tipo__sigla": "PLO", "tipo__descricao": "Projeto de Lei Ordin\u00e1ria", "autoria": "Cleuber Michirra", "texto_original": "http://sapl.arinos.mg.leg.br/media/sapl/public/materialegislativa/2023/527/plo_11_23.pdf", "ementa": "INSTITUI O DIA MUNICIPAL DA FOLIA DE REIS."}, {"id": "524", "ano": "2023", "numero": "12", "tipo__sigla": "PLO", "tipo__descricao": "Projeto de Lei Ordin\u00e1ria", "autoria": "Cleuber Michirra", "texto_original": "http://sapl.arinos.mg.leg.br/media/sapl/public/materialegislativa/2023/524/projeto_de_lei_12.pdf", "ementa": "Institui o Dia Municipal do Caminhoneiro."}, {"id": "523", "ano": "2023", "numero": "13", "tipo__sigla": "PLO", "tipo__descricao": "Projeto de Lei Ordin\u00e1ria", "autoria": "Cleuber Michirra", "texto_original": "http://sapl.arinos.mg.leg.br/media/sapl/public/materialegislativa/2023/523/projeto_de_lei_13.pdf", "ementa": "Institui o Dia Municipal da Barqueata."}, {"id": "521", "ano": "2023", "numero": "15", "tipo__sigla": "PLO", "tipo__descricao": "Projeto de Lei Ordin\u00e1ria", "autoria": "D\u00c3O SANTANA", "texto_original": "http://sapl.arinos.mg.leg.br/media/sapl/public/materialegislativa/2023/521/plo_15_2023.pdf", "ementa": "RECONHECE DE UTILIDADE P\u00daBLICA A ALFA ASSOCIA\u00c7\u00c3O ESPORTIVA E PREVEN\u00c7\u00c3O AO \u00c1LCOOL E OUTRAS DROGAS."}, {"id": "525", "ano": "2023", "numero": "16", "tipo__sigla": "PLO", "tipo__descricao": "Projeto de Lei Ordin\u00e1ria", "autoria": "Marc\u00edlio Alisson Fonseca de Almeida", "texto_original": "http://sapl.arinos.mg.leg.br/media/", "ementa": "DISP\u00d5E SOBRE A POL\u00cdTICA MUNICIPAL DE ATENDIMENTO AOS DIREITOS DA CRIAN\u00c7A E DO ADOLESCENTE E D\u00c1 OUTRAS PROVID\u00caNCIAS."}, {"id": "529", "ano": "2023", "numero": "17", "tipo__sigla": "PLO", "tipo__descricao": "Projeto de Lei Ordin\u00e1ria", "autoria": "Jean do Crispim Santana", "texto_original": "http://sapl.arinos.mg.leg.br/media/sapl/public/materialegislativa/2023/529/plo_17_2023.pdf", "ementa": "ALTERA A LEI COMPLEMENTAR N\u00b0 04, DE 1\u00ba DE SETEMBRO DE 1998, QUE \" DISP\u00d5E SOBRE O ESTATUTO DOS SERVIDORES P\u00daBLICOS DO MUNIC\u00cdPIO DE ARINOS - MG E D\u00c1 OUTRAS PROVID\u00caNCIAS."}, {"id": "528", "ano": "2023", "numero": "18", "tipo__sigla": "PLO", "tipo__descricao": "Projeto de Lei Ordin\u00e1ria", "autoria": "Marc\u00edlio Alisson Fonseca de Almeida", "texto_original": "http://sapl.arinos.mg.leg.br/media/sapl/public/materialegislativa/2023/528/plo_18_23.pdf", "ementa": "CONCEDE REVIS\u00c3O GERAL ANUAL DOS VENCIMENTOS DOS SERVIDORES P\u00daBLICOS DO PODER EXECUTIVO MUNICIPAL - ADMINISTRA\u00c7\u00c3O DIRETA E INDIRETA E D\u00c1 OUTRAS PROVID\u00caNCIAS."}, {"id": "543", "ano": "2023", "numero": "19", "tipo__sigla": "PLO", "tipo__descricao": "Projeto de Lei Ordin\u00e1ria", "autoria": "Marc\u00edlio Alisson Fonseca de Almeida", "texto_original": "http://sapl.arinos.mg.leg.br/media/", "ementa": "Disp\u00f5e sobre as diretrizes para a elabora\u00e7\u00e3o da Lei Or\u00e7ament\u00e1ria de 2024 e d\u00e1 outras provid\u00eancias."}, {"id": "530", "ano": "2023", "numero": "20", "tipo__sigla": "PLO", "tipo__descricao": "Projeto de Lei Ordin\u00e1ria", "autoria": "D\u00c3O SANTANA", "texto_original": "http://sapl.arinos.mg.leg.br/media/sapl/public/materialegislativa/2023/530/plo_20_2023.pdf", "ementa": "OBRIGA O ATENDIMENTO PREFERENCIAL \u00c0S PESSOAS COM FIBROMIALGIA NOS LOCAIS QUE ESPECIFICA."}, {"id": "531", "ano": "2023", "numero": "21", "tipo__sigla": "PLO", "tipo__descricao": "Projeto de Lei Ordin\u00e1ria", "autoria": "Marc\u00edlio Alisson Fonseca de Almeida", "texto_original": "http://sapl.arinos.mg.leg.br/media/sapl/public/materialegislativa/2023/531/plo_21.pdf", "ementa": "DISP\u00d5E SOBRE A POL\u00cdTICA MUNICIPAL DE ATENDIMENTO AOS DIREITOS DA CRIAN\u00c7A E DO ADOLESCENTE E D\u00c1 OUTRAS PROVID\u00caNCIAS."}, {"id": "539", "ano": "2023", "numero": "22", "tipo__sigla": "PLO", "tipo__descricao": "Projeto de Lei Ordin\u00e1ria", "autoria": "Marc\u00edlio Alisson Fonseca de Almeida", "texto_original": "http://sapl.arinos.mg.leg.br/media/sapl/public/materialegislativa/2023/539/plo_22_.pdf", "ementa": "DISP\u00d5E SOBRE A CRIA\u00c7\u00c3O DA POL\u00cdTICA MUNICIPAL DE TURISMO DE ARINOS, CRIA O CONSELHO MUNICIPAL DE TURISMO, INSTITUI O FUNDO MUNICIPAL DE TURISMO E D\u00c1 OUTRAS PROVID\u00caNCIAS."}, {"id": "544", "ano": "2023", "numero": "23", "tipo__sigla": "PLO", "tipo__descricao": "Projeto de Lei Ordin\u00e1ria", "autoria": "NORALDINO DUR\u00c3ES", "texto_original": "http://sapl.arinos.mg.leg.br/media/sapl/public/materialegislativa/2023/544/plo_23_2023.pdf", "ementa": "PRO\u00cdBE A COLAGEM OU A AFIXA\u00c7\u00c3O DE QUALQUER MATERIAL DE PROPAGANDA OU PUBLICIDADE EM LOCAIS P\u00daBLICOS QUE MENCIONA."}, {"id": "534", "ano": "2023", "numero": "24", "tipo__sigla": "PLO", "tipo__descricao": "Projeto de Lei Ordin\u00e1ria", "autoria": "D\u00c3O SANTANA", "texto_original": "http://sapl.arinos.mg.leg.br/media/sapl/public/materialegislativa/2023/534/plo_24_2023.pdf", "ementa": "ASSEGURA \u00c0 PESSOA IDOSA A VACINA\u00c7\u00c3O EM SEU DOMIC\u00cdLIO DURANTE AS CAMPANHAS DE IMUNIZA\u00c7\u00c3O, SEMPRE QUE HOUVER A IMPOSSIBILIDADE DE SEU DESLOCAMENTO AT\u00c9 UM LOCAL DE VACINA\u00c7\u00c3O."}, {"id": "532", "ano": "2023", "numero": "25", "tipo__sigla": "PLO", "tipo__descricao": "Projeto de Lei Ordin\u00e1ria", "autoria": "Marc\u00edlio Alisson Fonseca de Almeida", "texto_original": "http://sapl.arinos.mg.leg.br/media/sapl/public/materialegislativa/2023/532/plo_25_2023.pdf", "ementa": "INSTITUI O CONSELHO MUNICIPAL DE DESENVOLVIMENTO ECON\u00d4MICO - COMDE E D\u00c1 OUTRAS PROVID\u00caNCIAS."}, {"id": "533", "ano": "2023", "numero": "26", "tipo__sigla": "PLO", "tipo__descricao": "Projeto de Lei Ordin\u00e1ria", "autoria": "VALDO TORA", "texto_original": "http://sapl.arinos.mg.leg.br/media/sapl/public/materialegislativa/2023/533/plo_26_2023.pdf", "ementa": "INSTITUI, NO \u00c2MBITO DO MUNIC\u00cdPIO DE ARINOS, A SEMANA MUNICIPAL DE CONSCIENTIZA\u00c7\u00c3O DO AUTISMO, A SER COMEMORADA, ANUALMENTE, NA PRIMEIRA SEMANA DO M\u00caS DE ABRIL."}, {"id": "547", "ano": "2023", "numero": "27", "tipo__sigla": "PLO", "tipo__descricao": "Projeto de Lei Ordin\u00e1ria", "autoria": "Marc\u00edlio Alisson Fonseca de Almeida", "texto_original": "http://sapl.arinos.mg.leg.br/media/", "ementa": "AUTORIZA O PODER EXECUTIVO MUNICIPAL A CONCEDER GRATIFICA\u00c7\u00c3O DE PRODUTIVIDADE E DESEMPENHO AOS M\u00c9DICOS QUE PRESTEM SERVI\u00c7O NAS UNIDADES B\u00c1SICAS DE SA\u00daDE, FIXANDO OS PERCENTUAIS RESPECTIVOS E REGULAMENTANDO OS CRIT\u00c9RIOS PARA PERCEP\u00c7\u00c3O."}, {"id": "537", "ano": "2023", "numero": "28", "tipo__sigla": "PLO", "tipo__descricao": "Projeto de Lei Ordin\u00e1ria", "autoria": "Mesa Diretora", "texto_original": "http://sapl.arinos.mg.leg.br/media/sapl/public/materialegislativa/2023/537/plo_28.pdf", "ementa": "FIXA OS SUBS\u00cdDIOS DOS VEREADORES DA C\u00c2MARA MUNICIPAL DE ARINOS PARA A 16\u00b0 LEGISLATURA, COMPREENDENDO O PER\u00cdODO DE 2025 A 2028, E D\u00c1 OUTRAS PROVID\u00caNCIAS."}, {"id": "536", "ano": "2023", "numero": "29", "tipo__sigla": "PLO", "tipo__descricao": "Projeto de Lei Ordin\u00e1ria", "autoria": "", "texto_original": "http://sapl.arinos.mg.leg.br/media/sapl/public/materialegislativa/2023/536/plo_29.pdf", "ementa": "FIXA O SUBS\u00cdDIO DO PREFEITO, DO VICE-PREFEITO E DOS SECRET\u00c1RIOS MUNICIPAIS DE ARINOS PARA O PER\u00cdODO DE 2025 A 2028 E D\u00c1 OUTRAS PROVID\u00caNCIAS."}, {"id": "540", "ano": "2023", "numero": "30", "tipo__sigla": "PLO", "tipo__descricao": "Projeto de Lei Ordin\u00e1ria", "autoria": "Marc\u00edlio Alisson Fonseca de Almeida", "texto_original": "http://sapl.arinos.mg.leg.br/media/sapl/public/materialegislativa/2023/540/plo_30.pdf", "ementa": "AUTORIZA O MUNIC\u00cdPIO DE ARINOS A CELEBRAR CONTRATO DE PATROC\u00cdNIO E APOIAR O SINDICATO DOS PRODUTORES RURAIS DE ARINOS NA REALIZA\u00c7\u00c3O DE EXPOSI\u00c7\u00c3O AGROPECU\u00c1RIA E D\u00c1 OUTRAS PROVID\u00caNCIAS."}, {"id": "546", "ano": "2023", "numero": "31", "tipo__sigla": "PLO", "tipo__descricao": "Projeto de Lei Ordin\u00e1ria", "autoria": "Marc\u00edlio Alisson Fonseca de Almeida", "texto_original": "http://sapl.arinos.mg.leg.br/media/", "ementa": "INSTITUI O SISTEMA \u00daNICO DE ASSIST\u00caNCIA SOCIAL - SUAS E D\u00c1 OUTRAS PROVID\u00caNCIAS."}, {"id": "535", "ano": "2023", "numero": "32", "tipo__sigla": "PLO", "tipo__descricao": "Projeto de Lei Ordin\u00e1ria", "autoria": "VALDO TORA", "texto_original": "http://sapl.arinos.mg.leg.br/media/sapl/public/materialegislativa/2023/535/plo_32_.pdf", "ementa": "RECONHECE DE UTILIDADE P\u00daBLICA A ASSOCIA\u00c7\u00c3O SERT\u00c3O VEREDAS DOS PRODUTORES RURAIS DA FAZENDA MENINO."}, {"id": "541", "ano": "2023", "numero": "33", "tipo__sigla": "PLO", "tipo__descricao": "Projeto de Lei Ordin\u00e1ria", "autoria": "Marc\u00edlio Alisson Fonseca de Almeida", "texto_original": "http://sapl.arinos.mg.leg.br/media/sapl/public/materialegislativa/2023/541/plo_33.pdf", "ementa": "AUTORIZA O PODER EXECUTIVO MUNICIPAL A AMPLIAR O N\u00daMERO DE VAGAS PARA O CARGO DE CIRURGI\u00c3O DENTISTA E CRIAR O CARGO DE T\u00c9CNICO EM SA\u00daDE BUCAL, MEDIANTE A UTILIZA\u00c7\u00c3O DE RECURSOS PROVENIENTES DE TRANSFER\u00caNCIAS DE INCENTIVOS DE CUSTEIO FEDERAL, NOS TERMOS ESTABELECIDOS PELA PORTARIA GM/MS N\u00b0 425/2023."}, {"id": "542", "ano": "2023", "numero": "34", "tipo__sigla": "PLO", "tipo__descricao": "Projeto de Lei Ordin\u00e1ria", "autoria": "NORALDINO DUR\u00c3ES", "texto_original": "http://sapl.arinos.mg.leg.br/media/sapl/public/materialegislativa/2023/542/plo_34.pdf", "ementa": "ALTERA A DENOMINA\u00c7\u00c3O DA AVENIDA QUE MENCIONA PARA AVENIDA DO BARU."}, {"id": "545", "ano": "2023", "numero": "35", "tipo__sigla": "PLO", "tipo__descricao": "Projeto de Lei Ordin\u00e1ria", "autoria": "Bertim Vargas", "texto_original": "http://sapl.arinos.mg.leg.br/media/", "ementa": "RECONHECE DE UTILIDADE P\u00daBLICA A ASSOCIA\u00c7\u00c3O DE PEQUENOS PRODUTORES RURAIS DA COMUNIDADE LARGA VELHA."}, {"id": "548", "ano": "2023", "numero": "36", "tipo__sigla": "PLO", "tipo__descricao": "Projeto de Lei Ordin\u00e1ria", "autoria": "Marc\u00edlio Alisson Fonseca de Almeida", "texto_original": "http://sapl.arinos.mg.leg.br/media/", "ementa": "DISP\u00d5E SOBRE ABERTURA DE CR\u00c9DITO ADICIONAL ESPECIAL NO OR\u00c7AMENTO DO MUNIC\u00cdPIO E D\u00c1 OUTRAS PROVID\u00caNCIAS."}, {"id": "549", "ano": "2023", "numero": "37", "tipo__sigla": "PLO", "tipo__descricao": "Projeto de Lei Ordin\u00e1ria", "autoria": "GILMAR VENDEDOR", "texto_original": "http://sapl.arinos.mg.leg.br/media/sapl/public/materialegislativa/2023/549/plo_37_2023.pdf", "ementa": "RECONHECE DE UTILIDADE P\u00daBLICA A ASSOCIA\u00c7\u00c3O DOS PEQUENOS PRODUTORES RURAIS DO VALE DAS PANELAS - APPROVAP."}, {"id": "550", "ano": "2023", "numero": "38", "tipo__sigla": "PLO", "tipo__descricao": "Projeto de Lei Ordin\u00e1ria", "autoria": "Marc\u00edlio Alisson Fonseca de Almeida", "texto_original": "http://sapl.arinos.mg.leg.br/media/sapl/public/materialegislativa/2023/550/plo_38_2023.pdf", "ementa": "CRIA PLANO DE EST\u00cdMULOS E INCENTIVOS AOS EMPREENDEDORES HABITACIONAIS POPULARES NO \u00c2MBITO DO PROGRAMA \"MINHA CASA, MINHA VIDA\" E D\u00c1 OUTRAS PROVID\u00caNCIAS."}, {"id": "551", "ano": "2023", "numero": "39", "tipo__sigla": "PLO", "tipo__descricao": "Projeto de Lei Ordin\u00e1ria", "autoria": "Marc\u00edlio Alisson Fonseca de Almeida", "texto_original": "http://sapl.arinos.mg.leg.br/media/sapl/public/materialegislativa/2023/551/plo_39_2023.pdf", "ementa": "AUTORIZA O PODER EXECUTIVO MUNICIPAL A CELEBRAR CONV\u00caNIO COM A INSTITUI\u00c7\u00c3O CASA DE APOIO DANIELLE, LOCALIZADA EM UBERABA-MG, VISANDO REPASSE DE CONTRIBUI\u00c7\u00c3O, E D\u00c1 OUTRAS PROVID\u00caNCIAS."}, {"id": "552", "ano": "2023", "numero": "40", "tipo__sigla": "PLO", "tipo__descricao": "Projeto de Lei Ordin\u00e1ria", "autoria": "Marc\u00edlio Alisson Fonseca de Almeida", "texto_original": "http://sapl.arinos.mg.leg.br/media/sapl/public/materialegislativa/2023/552/plo_40_2023000.pdf", "ementa": "DISP\u00d5E SOBRE ABERTURA DE CR\u00c9DITO ADICIONAL ESPECIAL PARA REALIZA\u00c7\u00c3O DAS DESPESAS DE RECURSOS DA LEI COMPLEMENTAR N\u00b0 195, DE 8 DE JULHO DE 222, E D\u00c1 OUTRAS PROVID\u00caNCIAS."}, {"id": "554", "ano": "2023", "numero": "41", "tipo__sigla": "PLO", "tipo__descricao": "Projeto de Lei Ordin\u00e1ria", "autoria": "Marc\u00edlio Alisson Fonseca de Almeida", "texto_original": "http://sapl.arinos.mg.leg.br/media/sapl/public/materialegislativa/2023/554/plo_41.pdf", "ementa": "DISP\u00d5E SOBRE A REGULAMENTA\u00c7\u00c3O DA ASSIST\u00caNCIA FINANCEIRA COMPLEMENTAR REPASSADA PELA UNI\u00c3O FEDERAL VISANDO DAR CUMPRIMENTO AO DISPOSTO NA LEI FEDERAL N\u00b0 14.434, DE 4 DE AGOSTO DE 2022 QUE ISTITUIU O PISO SALARIAL NACIONAL DO ENFERMEIRO, DO T\u00c9CNICO DE ENFERMAGEM, DO AUXILIAR DE ENFERMAGEM E DA PARTEIRA."}, {"id": "617", "ano": "2023", "numero": "42", "tipo__sigla": "PLO", "tipo__descricao": "Projeto de Lei Ordin\u00e1ria", "autoria": "Marc\u00edlio Alisson Fonseca de Almeida", "texto_original": "http://sapl.arinos.mg.leg.br/media/sapl/public/materialegislativa/2023/617/plo_42_2023.pdf", "ementa": "ALTERA ANEXOS DA LEI N\u00b0 1637, DE 20 DE DEZEMBRO DE 2021, QUE DISP\u00d5E SOBRE O PLANO PLURIANUAL DE A\u00c7\u00d5ES PARA O QUADRI\u00caNIO 2022-2025 E D\u00c1 OUTRAS PROVID\u00caNCIAS."}, {"id": "618", "ano": "2023", "numero": "43", "tipo__sigla": "PLO", "tipo__descricao": "Projeto de Lei Ordin\u00e1ria", "autoria": "Marc\u00edlio Alisson Fonseca de Almeida", "texto_original": "http://sapl.arinos.mg.leg.br/media/sapl/public/materialegislativa/2023/618/plo_43_2023.pdf", "ementa": "ESTIMA A RECEITA E FIXA A DESPESA DO MUNIC\u00cdPIO DE ARINOS PARA O EXERC\u00cdCIO FINANCEIRO DE 2024 E D\u00c1 OUTRAS PROVID\u00caNCIAS."}, {"id": "561", "ano": "2023", "numero": "44", "tipo__sigla": "PLO", "tipo__descricao": "Projeto de Lei Ordin\u00e1ria", "autoria": "Marc\u00edlio Alisson Fonseca de Almeida", "texto_original": "http://sapl.arinos.mg.leg.br/media/sapl/public/materialegislativa/2023/561/plo_44.pdf", "ementa": "AUTORIZA A CONCESS\u00c3O DE SUBVEN\u00c7\u00d5ES E D\u00c1 OUTRAS PROVID\u00caNCIAS."}, {"id": "555", "ano": "2023", "numero": "45", "tipo__sigla": "PLO", "tipo__descricao": "Projeto de Lei Ordin\u00e1ria", "autoria": "Marc\u00edlio Alisson Fonseca de Almeida", "texto_original": "http://sapl.arinos.mg.leg.br/media/sapl/public/materialegislativa/2023/555/plo_45.pdf", "ementa": "DISP\u00d5E SOBRE ABERTURA DE CR\u00c9DITO ESPECIAL E D\u00c1 OUTRAS PROVID\u00caNCIAS."}, {"id": "556", "ano": "2023", "numero": "46", "tipo__sigla": "PLO", "tipo__descricao": "Projeto de Lei Ordin\u00e1ria", "autoria": "Mesa Diretora", "texto_original": "http://sapl.arinos.mg.leg.br/media/sapl/public/materialegislativa/2023/556/plo_46.pdf", "ementa": "INSTITUI O REGIME DE ADIANTAMENTO PARA REALIZA\u00c7\u00c3O DE DESPESAS DE PEQUENO VULTO E DE PRONTO PAGAMENTO NO \u00c2MBITO DA C\u00c2MARA MUNICIPAL."}, {"id": "562", "ano": "2023", "numero": "48", "tipo__sigla": "PLO", "tipo__descricao": "Projeto de Lei Ordin\u00e1ria", "autoria": "Mesa Diretora", "texto_original": "http://sapl.arinos.mg.leg.br/media/sapl/public/materialegislativa/2023/562/plo_48.pdf", "ementa": "ALTERA OS $$1\u00b0 E 2\u00b0 DO ART. 3\u00b0 DA LEI N\u00b0 1.517, DE 28 DE DEZEMBRO DE 2017, QUE \"FIXA OS CRIT\u00c9RIOS DE INDENIZA\u00c7\u00c3O DE DESPESAS DE VIAGEM DOS MEMBROS DA MESA DIRETORA DA C\u00c2MARA MUNICIPAL E DOS VEREDORES\"."}, {"id": "559", "ano": "2023", "numero": "49", "tipo__sigla": "PLO", "tipo__descricao": "Projeto de Lei Ordin\u00e1ria", "autoria": "GILMAR VENDEDOR", "texto_original": "http://sapl.arinos.mg.leg.br/media/sapl/public/materialegislativa/2023/559/plo_49.pdf", "ementa": "RECONHECE COMO VIA P\u00daBLICA A \u00c1REA QUE ESPECIFICA E D\u00c1 DENOMINA\u00c7\u00c3O A ELA."}, {"id": "558", "ano": "2023", "numero": "50", "tipo__sigla": "PLO", "tipo__descricao": "Projeto de Lei Ordin\u00e1ria", "autoria": "Marc\u00edlio Alisson Fonseca de Almeida", "texto_original": "http://sapl.arinos.mg.leg.br/media/sapl/public/materialegislativa/2023/558/plo_50.pdf", "ementa": "DISP\u00d5ES SOBRE ABERTURA DE CR\u00c9DITO ADICIONAL ESPECIAL NO OR\u00c7AMENTO DO MUNIC\u00cdPIO E D\u00c1 OUTRAS PROVID\u00caNCIAS."}, {"id": "557", "ano": "2023", "numero": "51", "tipo__sigla": "PLO", "tipo__descricao": "Projeto de Lei Ordin\u00e1ria", "autoria": "Marc\u00edlio Alisson Fonseca de Almeida", "texto_original": "http://sapl.arinos.mg.leg.br/media/sapl/public/materialegislativa/2023/557/plo_51.pdf", "ementa": "ALTERA DISPOSITIVOS DA LEI MUNICIPAL N\u00b0 1649, DE 17 DE MAIO DE 2022,  QUE CRIA O PROGRAMA SOCIAL BOLSA APRENDIZAGEM PROFISSIONAL E D\u00c1 OUTRAS PROVID\u00caNCIAS."}, {"id": "612", "ano": "2023", "numero": "52", "tipo__sigla": "PLO", "tipo__descricao": "Projeto de Lei Ordin\u00e1ria", "autoria": "Marc\u00edlio Alisson Fonseca de Almeida", "texto_original": "http://sapl.arinos.mg.leg.br/media/sapl/public/materialegislativa/2023/612/plo_52001.pdf", "ementa": "CONCEDE O T\u00cdTULO DE CIDADANIA HONOR\u00c1RIA ARINENSE AO SENHOR GUSTAVO OBATA TREVISAN."}, {"id": "611", "ano": "2023", "numero": "53", "tipo__sigla": "PLO", "tipo__descricao": "Projeto de Lei Ordin\u00e1ria", "autoria": "Marc\u00edlio Alisson Fonseca de Almeida", "texto_original": "http://sapl.arinos.mg.leg.br/media/sapl/public/materialegislativa/2023/611/plo_53002.pdf", "ementa": "CONCEDE O T\u00cdTULO DE CIDADANIA HONOR\u00c1RIA ARINENSE AO SENHOR JARBAS SOARES J\u00daNIOR."}, {"id": "570", "ano": "2023", "numero": "54", "tipo__sigla": "PLO", "tipo__descricao": "Projeto de Lei Ordin\u00e1ria", "autoria": "GILMAR VENDEDOR", "texto_original": "http://sapl.arinos.mg.leg.br/media/sapl/public/materialegislativa/2023/570/plo_54_2023.pdf", "ementa": "CONCEDE T\u00cdTULO DE M\u00c9RITO ASSISTENCIAL AO ROTARY CLUB DE ARINOS."}, {"id": "571", "ano": "2023", "numero": "55", "tipo__sigla": "PLO", "tipo__descricao": "Projeto de Lei Ordin\u00e1ria", "autoria": "VALDO TORA", "texto_original": "http://sapl.arinos.mg.leg.br/media/sapl/public/materialegislativa/2023/571/plo_55_2023.pdf", "ementa": "CONCEDE O T\u00cdTULO DE CIDADANIA HONOR\u00c1RIA ARINENSE \u00c0 SENHORA MARIA DOMINGAS SOARES DE OLIVEIRA."}, {"id": "572", "ano": "2023", "numero": "56", "tipo__sigla": "PLO", "tipo__descricao": "Projeto de Lei Ordin\u00e1ria", "autoria": "VALDO TORA", "texto_original": "http://sapl.arinos.mg.leg.br/media/sapl/public/materialegislativa/2023/572/plo_56_2023.pdf", "ementa": "CONCEDE DIPLOMA DE M\u00c9RITO POLICIAL AO SENHOR CLAUDENIR ALVES DE SOUZA."}, {"id": "573", "ano": "2023", "numero": "57", "tipo__sigla": "PLO", "tipo__descricao": "Projeto de Lei Ordin\u00e1ria", "autoria": "VALDO TORA", "texto_original": "http://sapl.arinos.mg.leg.br/media/sapl/public/materialegislativa/2023/573/plo_57_2023.pdf", "ementa": "CONCEDE DIPLOMA DE M\u00c9RITO PROFISSIONAL AO SENHOR JO\u00c3O BARBOSA DE BRITO."}, {"id": "574", "ano": "2023", "numero": "58", "tipo__sigla": "PLO", "tipo__descricao": "Projeto de Lei Ordin\u00e1ria", "autoria": "VALDO TORA", "texto_original": "http://sapl.arinos.mg.leg.br/media/sapl/public/materialegislativa/2023/574/plo_58_2023.pdf", "ementa": "CONCEDE DIPLOMA DE M\u00c9RITO PROFISSIONAL AO SENHOR ELP\u00cdDIO MENDES FERREIRA."}, {"id": "575", "ano": "2023", "numero": "59", "tipo__sigla": "PLO", "tipo__descricao": "Projeto de Lei Ordin\u00e1ria", "autoria": "VALDO TORA", "texto_original": "http://sapl.arinos.mg.leg.br/media/sapl/public/materialegislativa/2023/575/plo_59_2023.pdf", "ementa": "CONCEDE DIPLOMA DE M\u00c9RITO POLICIAL AO SENHOR EDERALDO ARLEI DE OLIVEIRA."}, {"id": "576", "ano": "2023", "numero": "60", "tipo__sigla": "PLO", "tipo__descricao": "Projeto de Lei Ordin\u00e1ria", "autoria": "GILMAR VENDEDOR", "texto_original": "http://sapl.arinos.mg.leg.br/media/sapl/public/materialegislativa/2023/576/plo_60_2023.pdf", "ementa": "CONCEDE O T\u00cdTULO DE CIDADANIA HONOR\u00c1RIA ARINENSE AO SENHOR JOS\u00c9 JULIANO ESP\u00cdNDULA."}, {"id": "577", "ano": "2023", "numero": "61", "tipo__sigla": "PLO", "tipo__descricao": "Projeto de Lei Ordin\u00e1ria", "autoria": "D\u00c3O SANTANA", "texto_original": "http://sapl.arinos.mg.leg.br/media/sapl/public/materialegislativa/2023/577/plo__61_2023.pdf", "ementa": "CONCEDE O T\u00cdTULO DE M\u00c9RITO ASSISTENCIAL AO SENHOR J\u00daLIO C\u00c9SAR SANTOS GON\u00c7ALVES."}, {"id": "578", "ano": "2023", "numero": "62", "tipo__sigla": "PLO", "tipo__descricao": "Projeto de Lei Ordin\u00e1ria", "autoria": "D\u00c3O SANTANA", "texto_original": "http://sapl.arinos.mg.leg.br/media/sapl/public/materialegislativa/2023/578/plo__62_2023.pdf", "ementa": "CONCEDE O T\u00cdTULO DE CIDADANIA HONOR\u00c1RIA ARINENSE AO SENHOR RUT\u00cdLIO EUG\u00caNIO CAVALCANTI FILHO."}, {"id": "579", "ano": "2023", "numero": "63", "tipo__sigla": "PLO", "tipo__descricao": "Projeto de Lei Ordin\u00e1ria", "autoria": "VALDO TORA", "texto_original": "http://sapl.arinos.mg.leg.br/media/sapl/public/materialegislativa/2023/579/plo__63_2023000.pdf", "ementa": "CONCEDE O T\u00cdTULO DE CIDADANIA HONOR\u00c1RIA ARINENSE \u00c0 SENHORA MARIA CLARA MATOS MARRA."}, {"id": "580", "ano": "2023", "numero": "64", "tipo__sigla": "PLO", "tipo__descricao": "Projeto de Lei Ordin\u00e1ria", "autoria": "VALDO TORA", "texto_original": "http://sapl.arinos.mg.leg.br/media/sapl/public/materialegislativa/2023/580/plo__64_2023.pdf", "ementa": "CONCEDE O T\u00cdTULO DE CIDADANIA HONOR\u00c1RIA ARINENSE \u00c0 SENHORA GREYCE DE QUEIROZ ELIAS."}, {"id": "581", "ano": "2023", "numero": "65", "tipo__sigla": "PLO", "tipo__descricao": "Projeto de Lei Ordin\u00e1ria", "autoria": "Bertim Vargas", "texto_original": "http://sapl.arinos.mg.leg.br/media/sapl/public/materialegislativa/2023/581/plo_65_2023.pdf", "ementa": "CONCEDE O T\u00cdTULO DE CIDADANIA HONOR\u00c1RIA ARINENSE AO SENHOR VANDERSON FERREIRA NEVES."}, {"id": "582", "ano": "2023", "numero": "66", "tipo__sigla": "PLO", "tipo__descricao": "Projeto de Lei Ordin\u00e1ria", "autoria": "Bertim Vargas", "texto_original": "http://sapl.arinos.mg.leg.br/media/sapl/public/materialegislativa/2023/582/plo__66_2023.pdf", "ementa": "CONCEDE O T\u00cdTULO DE M\u00c9RITO ASSISTENCIAL \u00c0 SENHORA MARIA DE F\u00c1TIMA GONTIJO CARVALHO."}, {"id": "583", "ano": "2023", "numero": "67", "tipo__sigla": "PLO", "tipo__descricao": "Projeto de Lei Ordin\u00e1ria", "autoria": "D\u00c3O SANTANA", "texto_original": "http://sapl.arinos.mg.leg.br/media/sapl/public/materialegislativa/2023/583/plo_67_2023.pdf", "ementa": "CONCEDE DIPLOMA DE M\u00c9RITO EDUCACIONAL AO SENHOR WILLEGAIGNON GON\u00c7ALVES DE RESENDE."}, {"id": "584", "ano": "2023", "numero": "68", "tipo__sigla": "PLO", "tipo__descricao": "Projeto de Lei Ordin\u00e1ria", "autoria": "NORALDINO DUR\u00c3ES", "texto_original": "http://sapl.arinos.mg.leg.br/media/sapl/public/materialegislativa/2023/584/plo_68_2023.pdf", "ementa": "CONCEDE DIPLOMA DE M\u00c9RITO POLICIAL AO SENHOR M\u00c1RCIO JOS\u00c9 SOARES."}, {"id": "585", "ano": "2023", "numero": "69", "tipo__sigla": "PLO", "tipo__descricao": "Projeto de Lei Ordin\u00e1ria", "autoria": "NORALDINO DUR\u00c3ES", "texto_original": "http://sapl.arinos.mg.leg.br/media/sapl/public/materialegislativa/2023/585/plo_69_2023.pdf", "ementa": "CONCEDE DIPLOMA DE M\u00c9RITO POLICIAL AO SENHOR \u00c9RIQUE NOGUEIRA FARIA."}, {"id": "586", "ano": "2023", "numero": "70", "tipo__sigla": "PLO", "tipo__descricao": "Projeto de Lei Ordin\u00e1ria", "autoria": "DONIZETE CALDEIRA", "texto_original": "http://sapl.arinos.mg.leg.br/media/sapl/public/materialegislativa/2023/586/plo_70_2023.pdf", "ementa": "CONCEDE O T\u00cdTULO DE CIDADANIA HONOR\u00c1RIA ARINENSE AO SENHOR IGOR TARCIANO TIMO."}, {"id": "587", "ano": "2023", "numero": "71", "tipo__sigla": "PLO", "tipo__descricao": "Projeto de Lei Ordin\u00e1ria", "autoria": "DONIZETE CALDEIRA", "texto_original": "http://sapl.arinos.mg.leg.br/media/sapl/public/materialegislativa/2023/587/plo_71_2023.pdf", "ementa": "CONCEDE O T\u00cdTULO DE CIDADANIA HONOR\u00c1RIA ARINENSE AO SENHOR JULIANO MACHADO AMARAL MELO."}, {"id": "588", "ano": "2023", "numero": "72", "tipo__sigla": "PLO", "tipo__descricao": "Projeto de Lei Ordin\u00e1ria", "autoria": "NORALDINO DUR\u00c3ES", "texto_original": "http://sapl.arinos.mg.leg.br/media/sapl/public/materialegislativa/2023/588/plo_72_2023.pdf", "ementa": "CONCEDE T\u00cdTULO DE CIDADANIA HONOR\u00c1RIA ARINENSE AO SENHOR JOAQUIM DE OLIVEIRA S\u00c1."}, {"id": "589", "ano": "2023", "numero": "73", "tipo__sigla": "PLO", "tipo__descricao": "Projeto de Lei Ordin\u00e1ria", "autoria": "NORALDINO DUR\u00c3ES", "texto_original": "http://sapl.arinos.mg.leg.br/media/sapl/public/materialegislativa/2023/589/plo_73_2023.pdf", "ementa": "CONCEDE O T\u00cdTULO DE M\u00c9RITO AMBIENTAL AO SENHOR GILMAR RIBEIRO."}, {"id": "590", "ano": "2023", "numero": "74", "tipo__sigla": "PLO", "tipo__descricao": "Projeto de Lei Ordin\u00e1ria", "autoria": "NORALDINO DUR\u00c3ES", "texto_original": "http://sapl.arinos.mg.leg.br/media/sapl/public/materialegislativa/2023/590/plo_74_2023.pdf", "ementa": "CONCEDE O T\u00cdTULO DE M\u00c9RITO ASSISTENCIAL \u00c0 SENHORA VERA LUCIA RODRIGUES DE SOUZA SANTANA."}, {"id": "591", "ano": "2023", "numero": "75", "tipo__sigla": "PLO", "tipo__descricao": "Projeto de Lei Ordin\u00e1ria", "autoria": "DONIZETE CALDEIRA", "texto_original": "http://sapl.arinos.mg.leg.br/media/sapl/public/materialegislativa/2023/591/plo_75_2023.pdf", "ementa": "CONCEDE O T\u00cdTULO DE CIDADANIA HONOR\u00c1RIA ARINENSE \u00c0 SENHORA MARIA BARBOSA CARDOSO."}, {"id": "592", "ano": "2023", "numero": "76", "tipo__sigla": "PLO", "tipo__descricao": "Projeto de Lei Ordin\u00e1ria", "autoria": "NORALDINO DUR\u00c3ES", "texto_original": "http://sapl.arinos.mg.leg.br/media/sapl/public/materialegislativa/2023/592/plo_76_2023.pdf", "ementa": "CONCEDE O T\u00cdTULO DE CIDADANIA HONOR\u00c1RIA ARINENSE AO SENHOR WANDIR MONTEIRO SILVEIRA."}, {"id": "593", "ano": "2023", "numero": "77", "tipo__sigla": "PLO", "tipo__descricao": "Projeto de Lei Ordin\u00e1ria", "autoria": "NORALDINO DUR\u00c3ES", "texto_original": "http://sapl.arinos.mg.leg.br/media/sapl/public/materialegislativa/2023/593/plo_77_2023.pdf", "ementa": "CONCEDE O T\u00cdTULO DE CIDADANIA HONOR\u00c1RIA ARINENSE AO SENHOR AUGUSTO NARDES."}, {"id": "594", "ano": "2023", "numero": "78", "tipo__sigla": "PLO", "tipo__descricao": "Projeto de Lei Ordin\u00e1ria", "autoria": "GILMAR VENDEDOR", "texto_original": "http://sapl.arinos.mg.leg.br/media/sapl/public/materialegislativa/2023/594/plo_78_2023.pdf", "ementa": "CONCEDE O T\u00cdTULO DE CIDADANIA HONOR\u00c1RIA ARINENSE AO SENHOR JOS\u00c9 REIS NOGUEIRA DE BARROS."}, {"id": "560", "ano": "2023", "numero": "1", "tipo__sigla": "PRE", "tipo__descricao": "Projeto de Resolu\u00e7\u00e3o", "autoria": "Mesa Diretora", "texto_original": "http://sapl.arinos.mg.leg.br/media/", "ementa": "DISP\u00d5E SOBRE O REGULAMENTO GERAL DOS SERVI\u00c7OS ADMINISTRATIVOS DA C\u00c2MARA MUNICIPAL DE ARINOS E D\u00c1 OUTRAS PROVID\u00caNCIAS."}, {"id": "538", "ano": "2023", "numero": "1", "tipo__sigla": "PELO", "tipo__descricao": "Proposta de Emenda \u00e0 Lei Org\u00e2nica", "autoria": "Mesa Diretora", "texto_original": "http://sapl.arinos.mg.leg.br/media/sapl/public/materialegislativa/2023/538/proposta_emend_01.pdf", "ementa": "ALTERA O ART. 52 DA LEI ORG\u00c2NICA DO MUNIC\u00cdPIO DE ARINOS, PARA DETERMINAR QUE O SUBS\u00cdDIO DO VEREADOR INVESTIDO EM CARGO DE SECRET\u00c1RIO MUNICIPAL OU EQUIVALENTE SEJA PAGO PELO PODER EXECUTIVO."}]}