{"headers": {"id": "ID", "ano": "Ano", "numero": "N\u00famero", "tipo__sigla": "Tipo de Mat\u00e9ria Legislativa/Sigla", "tipo__descricao": "Tipo de Mat\u00e9ria Legislativa/Descri\u00e7\u00e3o", "autoria": "Autorias", "texto_original": "Texto Original", "ementa": "Ementa"}, "results": [{"id": "596", "ano": "2024", "numero": "1", "tipo__sigla": "PLO", "tipo__descricao": "Projeto de Lei Ordin\u00e1ria", "autoria": "Marc\u00edlio Alisson Fonseca de Almeida", "texto_original": "http://sapl.arinos.mg.leg.br/media/sapl/public/materialegislativa/2024/596/plo_01_2024.pdf", "ementa": "AUTORIZA O PODER EXECUTIVO MUNICIPAL A REALIZAR TRANSFER\u00caNCIA FINANCEIRA PARA CONSTRU\u00c7\u00c3O DO ESPA\u00c7O DE LAZER E CONVIV\u00caNCIA NO ABRIGO FREI PIO E D\u00c1 OUTRAS PROVID\u00caNCIAS."}, {"id": "615", "ano": "2024", "numero": "2", "tipo__sigla": "PLO", "tipo__descricao": "Projeto de Lei Ordin\u00e1ria", "autoria": "Marc\u00edlio Alisson Fonseca de Almeida", "texto_original": "http://sapl.arinos.mg.leg.br/media/sapl/public/materialegislativa/2024/615/plo_2_2024.pdf", "ementa": "DISP\u00d5E SOBRE ABERTURA DE CR\u00c9DITO ESPECIAL E D\u00c1 OUTRAS PROVID\u00caNCIAS."}, {"id": "563", "ano": "2024", "numero": "3", "tipo__sigla": "PLO", "tipo__descricao": "Projeto de Lei Ordin\u00e1ria", "autoria": "Mesa Diretora", "texto_original": "http://sapl.arinos.mg.leg.br/media/sapl/public/materialegislativa/2024/563/plo_03.pdf", "ementa": "REVISA A REMUNERA\u00c7\u00c3O DOS SERVIDORES DA C\u00c2MARA MUNICIPAL DE ARINOS, CONCEDE-LHES AUMENTO REAL E D\u00c1 OUTRAS PROVID\u00caNCIAS."}, {"id": "564", "ano": "2024", "numero": "4", "tipo__sigla": "PLO", "tipo__descricao": "Projeto de Lei Ordin\u00e1ria", "autoria": "Mesa Diretora", "texto_original": "http://sapl.arinos.mg.leg.br/media/sapl/public/materialegislativa/2024/564/plo_04.pdf", "ementa": "REVISA O SUBS\u00cdDIO DOS VEREADORES DA C\u00c2MARA MUNICIPAL DE ARINOS."}, {"id": "565", "ano": "2024", "numero": "5", "tipo__sigla": "PLO", "tipo__descricao": "Projeto de Lei Ordin\u00e1ria", "autoria": "Mesa Diretora", "texto_original": "http://sapl.arinos.mg.leg.br/media/sapl/public/materialegislativa/2024/565/plo_05.pdf", "ementa": "REVISA O SUBS\u00cdDIO DO PREFEITO, DO VICE-PREFEITO E DOS SECRET\u00c1RIOS MUNICIPAIS DE ARINOS."}, {"id": "566", "ano": "2024", "numero": "6", "tipo__sigla": "PLO", "tipo__descricao": "Projeto de Lei Ordin\u00e1ria", "autoria": "D\u00c3O SANTANA", "texto_original": "http://sapl.arinos.mg.leg.br/media/sapl/public/materialegislativa/2024/566/plo_06.pdf", "ementa": "PRO\u00cdBE, EM TODO O TERRIT\u00d3RIO DO MUNIC\u00cdPIO DE ARINOS, O MANUSEIO, O USO, A SOLTURA E A QUEIMA DE FOGOS DE ARTIF\u00cdCIO DE ESTAMPIDO OU DE QUALQUER OUTRO ARTEFATO PIROT\u00c9CNICO QUE PRODUZA ESTAMPIDOS."}, {"id": "568", "ano": "2024", "numero": "7", "tipo__sigla": "PLO", "tipo__descricao": "Projeto de Lei Ordin\u00e1ria", "autoria": "GILMAR VENDEDOR", "texto_original": "http://sapl.arinos.mg.leg.br/media/sapl/public/materialegislativa/2024/568/plo_07_2024.pdf", "ementa": "D\u00c1 DENOMINA\u00c7\u00c3O \u00c0 LAGOA LOCALIZADA NO BAIRRO PRIMAVERA I, NA CIDADE DE ARINOS."}, {"id": "613", "ano": "2024", "numero": "8", "tipo__sigla": "PLO", "tipo__descricao": "Projeto de Lei Ordin\u00e1ria", "autoria": "Marc\u00edlio Alisson Fonseca de Almeida", "texto_original": "http://sapl.arinos.mg.leg.br/media/sapl/public/materialegislativa/2024/613/plo_8.pdf", "ementa": "DISP\u00d5E SOBRE ABERTURA DE CR\u00c9DITO ESPECIAL E D\u00c1 OUTRAS PROVID\u00caNCIAS."}, {"id": "569", "ano": "2024", "numero": "9", "tipo__sigla": "PLO", "tipo__descricao": "Projeto de Lei Ordin\u00e1ria", "autoria": "Jean do Crispim Santana", "texto_original": "http://sapl.arinos.mg.leg.br/media/sapl/public/materialegislativa/2024/569/plo_09_2024.pdf", "ementa": "DISP\u00d5E SOBRE O TEMPO M\u00c1XIMO DE ESPERA PARA REALIZA\u00c7\u00c3O DE CONSULTAS M\u00c9DICAS, CIRURGIAS ELETIVAS E EXAMES NAS UNIDADES DA REDE P\u00daBLICA MUNICIPAL DE SA\u00daDE."}, {"id": "595", "ano": "2024", "numero": "10", "tipo__sigla": "PLO", "tipo__descricao": "Projeto de Lei Ordin\u00e1ria", "autoria": "Marc\u00edlio Alisson Fonseca de Almeida", "texto_original": "http://sapl.arinos.mg.leg.br/media/sapl/public/materialegislativa/2024/595/plo_10_2024.pdf", "ementa": "CONCEDE REVIS\u00c3O GERAL ANUAL DOS VENCIMENTOS DOS SERVIDORES P\u00daBLICOS DO PODER EXECUTIVO MUNICIPAL - ADMINISTRA\u00c7\u00c3O DIRETA E INDIRETA E D\u00c1 OUTRAS PROVID\u00caNCIAS."}, {"id": "614", "ano": "2024", "numero": "11", "tipo__sigla": "PLO", "tipo__descricao": "Projeto de Lei Ordin\u00e1ria", "autoria": "GILMAR VENDEDOR", "texto_original": "http://sapl.arinos.mg.leg.br/media/sapl/public/materialegislativa/2024/614/plo_11.pdf", "ementa": "ALTERA A DENOMINA\u00c7\u00c3O DA RUA QUE MENCIONA PARA RUA MARIA CARNEIRO VALADARES."}, {"id": "625", "ano": "2024", "numero": "12", "tipo__sigla": "PLO", "tipo__descricao": "Projeto de Lei Ordin\u00e1ria", "autoria": "Marc\u00edlio Alisson Fonseca de Almeida", "texto_original": "http://sapl.arinos.mg.leg.br/media/", "ementa": "DISP\u00d5E SOBRE AS DIRETRIZES PARA A ELABORA\u00c7\u00c3O DA LEI OR\u00c7AMENT\u00c1RIA DE 2025 E D\u00c1 OUTRAS PROVID\u00caNCIAS."}, {"id": "601", "ano": "2024", "numero": "13", "tipo__sigla": "PLO", "tipo__descricao": "Projeto de Lei Ordin\u00e1ria", "autoria": "Marc\u00edlio Alisson Fonseca de Almeida", "texto_original": "http://sapl.arinos.mg.leg.br/media/sapl/public/materialegislativa/2024/601/plo_13_24.pdf", "ementa": "DISP\u00d5E SOBRE A EXPANS\u00c3O DO PER\u00cdMETRO URBANO DA SEDE DO MUNIC\u00cdPIO DE ARINOS, EM CONSOLIDA\u00c7\u00c3O AO PER\u00cdMETRO J\u00c1 ESTABELECIDO NA LEI MUNICIPAL N\u00b0 478, DE 26 DE SETEMBRO DE 1989, E D\u00c1 OUTRAS PROVID\u00caNCIAS."}, {"id": "600", "ano": "2024", "numero": "14", "tipo__sigla": "PLO", "tipo__descricao": "Projeto de Lei Ordin\u00e1ria", "autoria": "Jean do Crispim Santana", "texto_original": "http://sapl.arinos.mg.leg.br/media/sapl/public/materialegislativa/2024/600/plo_14_2024.pdf", "ementa": "CONCEDE O T\u00cdTULO DE CIDADANIA HONOR\u00c1RIA ARINENSE AO SENHOR JOS\u00c9 SILVA SOARES (Z\u00c9 SILVA)"}, {"id": "599", "ano": "2024", "numero": "15", "tipo__sigla": "PLO", "tipo__descricao": "Projeto de Lei Ordin\u00e1ria", "autoria": "Jean do Crispim Santana", "texto_original": "http://sapl.arinos.mg.leg.br/media/sapl/public/materialegislativa/2024/599/plo_15_2024.pdf", "ementa": "CONCEDE O T\u00cdTULO DE CIDADANIA HONOR\u00c1RIA ARINENSE \u00c0 SENHORA LUDIMILA FONSECA AZEVEDO FALC\u00c3O (LUD FALC\u00c3O)"}, {"id": "606", "ano": "2024", "numero": "16", "tipo__sigla": "PLO", "tipo__descricao": "Projeto de Lei Ordin\u00e1ria", "autoria": "D\u00c3O SANTANA", "texto_original": "http://sapl.arinos.mg.leg.br/media/sapl/public/materialegislativa/2024/606/plo_16_2024.pdf", "ementa": "CONCEDE O T\u00cdTULO DE CIDADANIA HONOR\u00c1RIA ARINENSE AO SENHOR J\u00daLIO C\u00c9SAR SANTOS GON\u00c7ALVES."}, {"id": "608", "ano": "2024", "numero": "17", "tipo__sigla": "PLO", "tipo__descricao": "Projeto de Lei Ordin\u00e1ria", "autoria": "Marc\u00edlio Alisson Fonseca de Almeida", "texto_original": "http://sapl.arinos.mg.leg.br/media/sapl/public/materialegislativa/2024/608/plo_17.pdf", "ementa": "DISP\u00d5E SOBRE A AMPLIA\u00c7\u00c3O E A DELIMITA\u00c7\u00c3O DO BAIRRO CRISPIM SANTANA E D\u00c1 OUTRAS PROVID\u00caNCIAS."}, {"id": "598", "ano": "2024", "numero": "18", "tipo__sigla": "PLO", "tipo__descricao": "Projeto de Lei Ordin\u00e1ria", "autoria": "Marc\u00edlio Alisson Fonseca de Almeida", "texto_original": "http://sapl.arinos.mg.leg.br/media/sapl/public/materialegislativa/2024/598/plo_18_2024.pdf", "ementa": "RATIFICA A SEXTA ALTERA\u00c7\u00c3O E A CONSOLIDA\u00c7\u00c3O DO CONTRATO DE CONS\u00d3RCIO DO CONVALES E D\u00c1 OUTRAS PROVID\u00caNCIAS."}, {"id": "605", "ano": "2024", "numero": "19", "tipo__sigla": "PLO", "tipo__descricao": "Projeto de Lei Ordin\u00e1ria", "autoria": "Marc\u00edlio Alisson Fonseca de Almeida", "texto_original": "http://sapl.arinos.mg.leg.br/media/sapl/public/materialegislativa/2024/605/plo_19_2024.pdf", "ementa": "DISP\u00d5E SOBRE ABERTURA DE CR\u00c9DITO ESPECIAL E D\u00c1 OUTRAS PROVID\u00caNCIAS."}, {"id": "602", "ano": "2024", "numero": "20", "tipo__sigla": "PLO", "tipo__descricao": "Projeto de Lei Ordin\u00e1ria", "autoria": "GILMAR VENDEDOR", "texto_original": "http://sapl.arinos.mg.leg.br/media/sapl/public/materialegislativa/2024/602/plo_20_024.pdf", "ementa": "DISP\u00d5E SOBRE O PROLONGAMENTO DAS RUAS SATURNINO GUEDES, JOAQUIM MARTINS NETO, SALUSTIANO SANTANA, MANOEL PRETO E CLARISMUNDO RAMALHO."}, {"id": "597", "ano": "2024", "numero": "21", "tipo__sigla": "PLO", "tipo__descricao": "Projeto de Lei Ordin\u00e1ria", "autoria": "Mesa Diretora", "texto_original": "http://sapl.arinos.mg.leg.br/media/sapl/public/materialegislativa/2024/597/plo_21_2024.pdf", "ementa": "ALTERA O ART. 17, CAPUT, DA LEI N\u00b0 1579, DE 18 DE NOVEMBRO DE 2019, QUE \"INSTITUI O C\u00d3DIGO DE HOMENAGENS DO MUNIC\u00cdPIO DE ARINOS E D\u00c1 OUTRAS PROVID\u00caNCIAS\"."}, {"id": "616", "ano": "2024", "numero": "22", "tipo__sigla": "PLO", "tipo__descricao": "Projeto de Lei Ordin\u00e1ria", "autoria": "Marc\u00edlio Alisson Fonseca de Almeida", "texto_original": "http://sapl.arinos.mg.leg.br/media/sapl/public/materialegislativa/2024/616/plo_22.pdf", "ementa": "DISP\u00d5E SOBRE ABERTURA DE CR\u00c9DITO ESPECIAL E D\u00c1 OUTRAS PROVID\u00caNCIAS."}, {"id": "607", "ano": "2024", "numero": "23", "tipo__sigla": "PLO", "tipo__descricao": "Projeto de Lei Ordin\u00e1ria", "autoria": "Marc\u00edlio Alisson Fonseca de Almeida", "texto_original": "http://sapl.arinos.mg.leg.br/media/sapl/public/materialegislativa/2024/607/plo_23.pdf", "ementa": "INSTITUI O FUNDO MUNICIPAL DE DESENVOLVIMENTO ECON\u00d4MICO - FUMDE E D\u00c1 OUTRAS PROVID\u00caNCIAS."}, {"id": "604", "ano": "2024", "numero": "24", "tipo__sigla": "PLO", "tipo__descricao": "Projeto de Lei Ordin\u00e1ria", "autoria": "GILMAR VENDEDOR", "texto_original": "http://sapl.arinos.mg.leg.br/media/sapl/public/materialegislativa/2024/604/plo_24_2024.pdf", "ementa": "RECONHECE DE UTILIDADE P\u00daBLICA O ROTARY CLUB DE ARINOS/MG."}, {"id": "610", "ano": "2024", "numero": "25", "tipo__sigla": "PLO", "tipo__descricao": "Projeto de Lei Ordin\u00e1ria", "autoria": "Marc\u00edlio Alisson Fonseca de Almeida", "texto_original": "http://sapl.arinos.mg.leg.br/media/sapl/public/materialegislativa/2024/610/plo_25_2024.pdf", "ementa": "CRIA A SECRETARIA MUNICIPAL DE MEIO AMBIENTE E D\u00c1 OUTRAS PROVID\u00caNCIAS."}, {"id": "609", "ano": "2024", "numero": "26", "tipo__sigla": "PLO", "tipo__descricao": "Projeto de Lei Ordin\u00e1ria", "autoria": "", "texto_original": "http://sapl.arinos.mg.leg.br/media/sapl/public/materialegislativa/2024/609/plo_26.pdf", "ementa": "AUTORIZA O MUNIC\u00cdPIO DE ARINOS-MG A CELEBRAR CONTRATO DE PATROC\u00cdNIO E APOIAR O SINDICATO DOS PRODUTORES RURAIS DE ARINOS NA REALIZA\u00c7\u00c3O DE EXPOSI\u00c7\u00c3O AGROPECU\u00c1RIA E D\u00c1 OUTRAS PROVID\u00caNCIAS."}, {"id": "603", "ano": "2024", "numero": "27", "tipo__sigla": "PLO", "tipo__descricao": "Projeto de Lei Ordin\u00e1ria", "autoria": "D\u00c3O SANTANA", "texto_original": "http://sapl.arinos.mg.leg.br/media/sapl/public/materialegislativa/2024/603/plo_27.pdf", "ementa": "D\u00c1 DENOMINA\u00c7\u00c3O \u00c0 RUA QUE ESPECIFICA."}, {"id": "621", "ano": "2024", "numero": "28", "tipo__sigla": "PLO", "tipo__descricao": "Projeto de Lei Ordin\u00e1ria", "autoria": "Marc\u00edlio Alisson Fonseca de Almeida", "texto_original": "http://sapl.arinos.mg.leg.br/media/sapl/public/materialegislativa/2024/621/plo_28_2024.pdf", "ementa": "DISP\u00d5E SOBRE A RATIFICA\u00c7\u00c3O DO PROTOCOLO DE INTEN\u00c7\u00d5ES DO CONS\u00d3RCIO INTERMUNICIPAL DE INFRAESTRUTURA DOS MUNIC\u00cdPIOS DO NOROESTE DE MINAS - CINF-AMNOR E D\u00c1 OUTRAS PROVID\u00caNCIAS."}, {"id": "619", "ano": "2024", "numero": "29", "tipo__sigla": "PLO", "tipo__descricao": "Projeto de Lei Ordin\u00e1ria", "autoria": "GILMAR VENDEDOR", "texto_original": "http://sapl.arinos.mg.leg.br/media/sapl/public/materialegislativa/2024/619/projeto_de_lei_29.pdf", "ementa": "D\u00e1 denomina\u00e7\u00e3o \u00e0 rua da orla da lagoa Nelson Paje\u00fa, no Bairro Primavera I, em Arinos/MG."}, {"id": "620", "ano": "2024", "numero": "30", "tipo__sigla": "PLO", "tipo__descricao": "Projeto de Lei Ordin\u00e1ria", "autoria": "GILMAR VENDEDOR", "texto_original": "http://sapl.arinos.mg.leg.br/media/sapl/public/materialegislativa/2024/620/projeto_de_lei_30.pdf", "ementa": "Disp\u00f5e sobre o prolongamento da Rua Major Saint\u00b4 Clair Fernandes Valadares."}, {"id": "626", "ano": "2024", "numero": "31", "tipo__sigla": "PLO", "tipo__descricao": "Projeto de Lei Ordin\u00e1ria", "autoria": "GILMAR VENDEDOR", "texto_original": "http://sapl.arinos.mg.leg.br/media/sapl/public/materialegislativa/2024/626/pl0_31.pdf", "ementa": "DISP\u00d5E SOBRE O PROLONGAMENTO DA RUA UM, NO BAIRRO CRISPIM SANTANA, EM ARINOS."}, {"id": "627", "ano": "2024", "numero": "32", "tipo__sigla": "PLO", "tipo__descricao": "Projeto de Lei Ordin\u00e1ria", "autoria": "Marc\u00edlio Alisson Fonseca de Almeida", "texto_original": "http://sapl.arinos.mg.leg.br/media/sapl/public/materialegislativa/2024/627/plo_32.pdf", "ementa": "ALTERA ANEXOS DA LEI N\u00b0 1637, DE 20 DE DEZEMBRO DE 2021, QUE DISP\u00d5E SOBRE O PLANO PLURIANUAL DE A\u00c7\u00d5ES PARA O QUADRI\u00caNIO 2022-2025 E D\u00c1 OUTRAS PROVID\u00caNCIAS."}, {"id": "628", "ano": "2024", "numero": "33", "tipo__sigla": "PLO", "tipo__descricao": "Projeto de Lei Ordin\u00e1ria", "autoria": "Marc\u00edlio Alisson Fonseca de Almeida", "texto_original": "http://sapl.arinos.mg.leg.br/media/sapl/public/materialegislativa/2024/628/plo_32.pdf", "ementa": "ESTIMA A RECEITA E FIXA A DESPESA DO MUNIC\u00cdPIO DE ARINOS PARA O EXERC\u00cdCIO FINANCEIRO DE 2025 E D\u00c1 OUTRAS PROVID\u00caNCIAS."}, {"id": "629", "ano": "2024", "numero": "34", "tipo__sigla": "PLO", "tipo__descricao": "Projeto de Lei Ordin\u00e1ria", "autoria": "Marc\u00edlio Alisson Fonseca de Almeida", "texto_original": "http://sapl.arinos.mg.leg.br/media/sapl/public/materialegislativa/2024/629/plo_34000.pdf", "ementa": "AUTORIZA A CONCESS\u00c3O DE SUBVEN\u00c7\u00d5ES E D\u00c1 OUTRAS PROVID\u00caNCIAS."}, {"id": "637", "ano": "2024", "numero": "35", "tipo__sigla": "PLO", "tipo__descricao": "Projeto de Lei Ordin\u00e1ria", "autoria": "Marc\u00edlio Alisson Fonseca de Almeida", "texto_original": "http://sapl.arinos.mg.leg.br/media/sapl/public/materialegislativa/2024/637/plo_35000.pdf", "ementa": "Disp\u00f5e sobre a integra\u00e7\u00e3o de parte da faixa de dom\u00ednio da Rodovia MG-202 ao per\u00edmetro urbano do Munic\u00edpio de Arinos, para implanta\u00e7\u00e3o de ciclovia e \u00e1reas de circula\u00e7\u00e3o segura para pedestres, visando \u00e0 seguran\u00e7a e a melhoria da mobilidade no trajeto ao Instituto Federal do Norte de Minas Gerais (IFNMG) \u2013 Campus Arinos, e d\u00e1 outras provid\u00eancias."}, {"id": "635", "ano": "2024", "numero": "36", "tipo__sigla": "PLO", "tipo__descricao": "Projeto de Lei Ordin\u00e1ria", "autoria": "Marc\u00edlio Alisson Fonseca de Almeida", "texto_original": "http://sapl.arinos.mg.leg.br/media/sapl/public/materialegislativa/2024/635/ploc36.pdf", "ementa": "INSTITUI O PROGRAMA MUNICIPAL DE ESCOLAS C\u00cdVICO-MILITARES NAREDE MUNICIPAL DE ENSINO DE ARINOS-MG E CRIA A ESCOLA MUNICIPAL C\u00cdVICO-MILITAR JO\u00c3O GONTIJO FERREIRA, E D\u00c1 OUTRAS PROVID\u00caNCIAS."}, {"id": "631", "ano": "2024", "numero": "37", "tipo__sigla": "PLO", "tipo__descricao": "Projeto de Lei Ordin\u00e1ria", "autoria": "D\u00c3O SANTANA", "texto_original": "http://sapl.arinos.mg.leg.br/media/sapl/public/materialegislativa/2024/631/plo_37.pdf", "ementa": "ESTABELECE O REGIME DE PLANT\u00c3O ANUAL DE FARM\u00c1CIA E DROGARIAS E D\u00c1 OUTRAS PROVID\u00caNCIAS."}, {"id": "632", "ano": "2024", "numero": "38", "tipo__sigla": "PLO", "tipo__descricao": "Projeto de Lei Ordin\u00e1ria", "autoria": "Mesa Diretora", "texto_original": "http://sapl.arinos.mg.leg.br/media/sapl/public/materialegislativa/2024/632/plo_38003.pdf", "ementa": "ALTERA A LEI N\u00b0 1.716, DE 19 DE DEZEMBRO DE 2023, QUE \"FIXA O SUBS\u00cdDIO DOS VEREADORES DA C\u00c2MARA MUNICIPAL DE ARINOS PARA A 16\u00aa LEGISLATURA, COMPREENDENDO O PER\u00cdODO DE 2025 A 2028, E D\u00c1 OUTRAS PROVID\u00caNCIAS\"."}, {"id": "633", "ano": "2024", "numero": "39", "tipo__sigla": "PLO", "tipo__descricao": "Projeto de Lei Ordin\u00e1ria", "autoria": "NORALDINO DUR\u00c3ES", "texto_original": "http://sapl.arinos.mg.leg.br/media/sapl/public/materialegislativa/2024/633/plo_39.pdf", "ementa": "RECONHECE DE UTILIDADE P\u00daBLICA A CENTRAL DAS ASSOCIA\u00c7\u00d5ES DA AGRICULTURA FAMILIAR DE ARINOS - CAAF."}, {"id": "634", "ano": "2024", "numero": "40", "tipo__sigla": "PLO", "tipo__descricao": "Projeto de Lei Ordin\u00e1ria", "autoria": "NORALDINO DUR\u00c3ES", "texto_original": "http://sapl.arinos.mg.leg.br/media/sapl/public/materialegislativa/2024/634/plo_40000.pdf", "ementa": "RECONHECE DE UTILIDADE P\u00daBLICA O CONSELHO DE PASTORES E L\u00cdDERES EVANG\u00c9LICOS DE ARINOS/MG - CONPEL."}, {"id": "638", "ano": "2024", "numero": "41", "tipo__sigla": "PLO", "tipo__descricao": "Projeto de Lei Ordin\u00e1ria", "autoria": "Mesa Diretora", "texto_original": "http://sapl.arinos.mg.leg.br/media/sapl/public/materialegislativa/2024/638/plo_41000.pdf", "ementa": "Altera a Lei n\u00b0 1.719, de 21 de dezembro de 2023, que \"fixa o subs\u00eddio do Prefeito, do Vice-Prefeito e dos Secret\u00e1rios Municipais de Arinos para o per\u00edodo de 2025 a 2028 e d\u00e1 outras provid\u00eancias\u201d."}, {"id": "624", "ano": "2024", "numero": "1", "tipo__sigla": "PRE", "tipo__descricao": "Projeto de Resolu\u00e7\u00e3o", "autoria": "Mesa Diretora", "texto_original": "http://sapl.arinos.mg.leg.br/media/sapl/public/materialegislativa/2024/624/projeto_resolucao_01.pdf", "ementa": "INSTITUI GRATIFICA\u00c7\u00c3O MENSAL PARA OS SERVIDORES INVESTIDOS NAS FUN\u00c7\u00d5ES DE AGENTE DE CONTRATA\u00c7\u00c3O, MEMBROS DE COMISS\u00c3O DE CONTRATA\u00c7\u00c3O, MEMBROS DE EQUIPES DE APOIO, FISCAL E GESTOR DE CONTRATOS."}, {"id": "636", "ano": "2024", "numero": "2", "tipo__sigla": "PRE", "tipo__descricao": "Projeto de Resolu\u00e7\u00e3o", "autoria": "Mesa Diretora", "texto_original": "http://sapl.arinos.mg.leg.br/media/sapl/public/materialegislativa/2024/636/pr_02.pdf", "ementa": "ALTERA O ART. 5\u00b0, CAPUT, DA RESOLU\u00c7\u00c3O N\u00b0 129, DE 15 DE SETEMBRO DE 2017 (REGIMENTO INTERNO), PARA MUDAR O HOR\u00c1RIO DA REUNI\u00c3O PREPARAT\u00d3RIA DESTINADA \u00c0 POSSE DOS VEREADORES."}, {"id": "630", "ano": "2024", "numero": "2", "tipo__sigla": "PELO", "tipo__descricao": "Proposta de Emenda \u00e0 Lei Org\u00e2nica", "autoria": "Cleuber Michirra", "texto_original": "http://sapl.arinos.mg.leg.br/media/sapl/public/materialegislativa/2024/630/proposta000.pdf", "ementa": "REVOGA O \u00a71\u00ba DO ART. 27 DA LEI ORG\u00c2NICA."}]}